{"id":175863,"date":"2022-11-08T05:28:54","date_gmt":"2022-11-08T09:28:54","guid":{"rendered":"https:\/\/mspontocom.com.br\/site\/?p=175863"},"modified":"2022-11-08T08:33:14","modified_gmt":"2022-11-08T12:33:14","slug":"ifms-abre-concurso-publico-com-vagas-para-professor","status":"publish","type":"post","link":"http:\/\/mspontocom.com.br\/site\/ifms-abre-concurso-publico-com-vagas-para-professor\/","title":{"rendered":"IFMS abre concurso p\u00fablico com vagas para professor"},"content":{"rendered":"<p style=\"text-align: justify;\"><img loading=\"lazy\" class=\"alignnone size-medium wp-image-175864\" src=\"https:\/\/mspontocom.com.br\/site\/wp-content\/uploads\/2022\/11\/site-concurso1-260x260.png\" alt=\"\" width=\"260\" height=\"260\" srcset=\"http:\/\/mspontocom.com.br\/site\/wp-content\/uploads\/2022\/11\/site-concurso1-260x260.png 260w, http:\/\/mspontocom.com.br\/site\/wp-content\/uploads\/2022\/11\/site-concurso1-150x150.png 150w, http:\/\/mspontocom.com.br\/site\/wp-content\/uploads\/2022\/11\/site-concurso1.png 300w\" sizes=\"(max-width: 260px) 100vw, 260px\" \/><\/p>\n<p style=\"text-align: justify;\">O Instituto Federal de Mato Grosso do Sul (IFMS) est\u00e1 com 27 vagas abertas em\u00a0concurso\u00a0p\u00fablico para professores do ensino b\u00e1sico, t\u00e9cnico e tecnol\u00f3gico em quinze diferentes \u00e1reas.<\/p>\n<p style=\"text-align: justify;\">A lota\u00e7\u00e3o poder\u00e1 se dar em qualquer campus da institui\u00e7\u00e3o, a crit\u00e9rio da administra\u00e7\u00e3o.<\/p>\n<p style=\"text-align: justify;\">O concurso ser\u00e1 realizado por meio do Instituto de Desenvolvimento Educacional, Cultural e Assistencial Nacional (Idecan).<\/p>\n<p style=\"text-align: justify;\">O\u00a0edital de abertura e acesso ao sistema de inscri\u00e7\u00f5es est\u00e3o disponibilizados no\u00a0<a title=\"O edital de abertura e acesso ao sistema de inscri\u00e7\u00f5es est\u00e3o disponibilizados na p\u00e1gina do Idecan\" href=\"http:\/\/www.ifms.edu.br:9000\/lists\/lt.php?tid=KxkGU1UPVQcFAEsFA1NXTlAACgNOWwoAABsPXwQLUAlaU1cAXFofBAIDV1MAA1ZOBwMAVU4NCV5UG1kDVFJPAFZQAwEAAQAFVVYHHwBWVQdcUQtQTlsBCFIbDFIAVk9TAgBTH1IAAgUBVlFXAlgBVQ\" target=\"_blank\" rel=\"noopener\" data-saferedirecturl=\"https:\/\/www.google.com\/url?q=http:\/\/www.ifms.edu.br:9000\/lists\/lt.php?tid%3DKxkGU1UPVQcFAEsFA1NXTlAACgNOWwoAABsPXwQLUAlaU1cAXFofBAIDV1MAA1ZOBwMAVU4NCV5UG1kDVFJPAFZQAwEAAQAFVVYHHwBWVQdcUQtQTlsBCFIbDFIAVk9TAgBTH1IAAgUBVlFXAlgBVQ&amp;source=gmail&amp;ust=1667986086905000&amp;usg=AOvVaw0wc4yOGRXF6tZzBkVVFKz7\">site do Idecan<\/a>.<\/p>\n<p style=\"text-align: justify;\">A remunera\u00e7\u00e3o por 40 horas de trabalho semanais varia entre R$ 4.472,64 e R$ 9.616,18, dependendo da titula\u00e7\u00e3o.<\/p>\n<p style=\"text-align: justify;\">H\u00e1 ainda aux\u00edlio-alimenta\u00e7\u00e3o de R$ 458,00.<\/p>\n<p style=\"text-align: justify;\">O regime de trabalho \u00e9 de dedica\u00e7\u00e3o exclusiva, que impede o exerc\u00edcio de outra atividade p\u00fablica ou privada.<\/p>\n<p style=\"text-align: justify;\">Para concorrer, \u00e9 necess\u00e1rio ter a forma\u00e7\u00e3o correspondente \u00e0 \u00e1rea pretendida conforme previsto em edital. \u00c9 preciso estar quite com as obriga\u00e7\u00f5es militares e eleitorais, ter idade m\u00ednima de 18 anos e apresentar certid\u00f5es negativas (c\u00edvel, criminal, militar, entre outras).<\/p>\n<p style=\"text-align: justify;\"><a title=\"Confira a lista completa das vagas ofertadas\" href=\"http:\/\/www.ifms.edu.br:9000\/lists\/lt.php?tid=KxlXAF0JVlFRVUtQBFhUTlBdBlpOAQxZAhsNAlAHVQMBXQ0GAFwfBAIDV1MAA1ZOBwMAVU4NCV5UG1kDVFJPAFZQAwEAAQAFVVYHHwBWVQdcUQtQTlsBCFIbDFIAVk9TAgBTH1IAAgUBVlFXAlgBVQ\" target=\"_blank\" rel=\"noopener\" data-saferedirecturl=\"https:\/\/www.google.com\/url?q=http:\/\/www.ifms.edu.br:9000\/lists\/lt.php?tid%3DKxlXAF0JVlFRVUtQBFhUTlBdBlpOAQxZAhsNAlAHVQMBXQ0GAFwfBAIDV1MAA1ZOBwMAVU4NCV5UG1kDVFJPAFZQAwEAAQAFVVYHHwBWVQdcUQtQTlsBCFIbDFIAVk9TAgBTH1IAAgUBVlFXAlgBVQ&amp;source=gmail&amp;ust=1667986086905000&amp;usg=AOvVaw0uhPOJ8dzi9su_xbq3jiWy\">Confira a lista completa das vagas ofertadas!<\/a><\/p>\n<p style=\"text-align: justify;\"><b>Inscri\u00e7\u00f5es<\/b>\u00a0&#8211;\u00a0Devem ser feitas at\u00e9 8 de dezembro, pelo\u00a0<a title=\"site do Idecan\" href=\"http:\/\/www.ifms.edu.br:9000\/lists\/lt.php?tid=KxkGU1UPVQcFAEsFA1NXTlAACgNOWwoAABsPXwQLUAlaU1cAXFofBAIDV1MAA1ZOBwMAVU4NCV5UG1kDVFJPAFZQAwEAAQAFVVYHHwBWVQdcUQtQTlsBCFIbDFIAVk9TAgBTH1IAAgUBVlFXAlgBVQ\" target=\"_blank\" rel=\"noopener\" data-saferedirecturl=\"https:\/\/www.google.com\/url?q=http:\/\/www.ifms.edu.br:9000\/lists\/lt.php?tid%3DKxkGU1UPVQcFAEsFA1NXTlAACgNOWwoAABsPXwQLUAlaU1cAXFofBAIDV1MAA1ZOBwMAVU4NCV5UG1kDVFJPAFZQAwEAAQAFVVYHHwBWVQdcUQtQTlsBCFIbDFIAVk9TAgBTH1IAAgUBVlFXAlgBVQ&amp;source=gmail&amp;ust=1667986086905000&amp;usg=AOvVaw0wc4yOGRXF6tZzBkVVFKz7\">site da Idecan<\/a>. A taxa \u00e9 de R$ 120,00 e deve ser paga at\u00e9 9 de dezembro por meio da Guia de Recolhimento da Uni\u00e3o (GRU).<\/p>\n<p style=\"text-align: justify;\">O edital prev\u00ea isen\u00e7\u00e3o do pagamento da taxa de inscri\u00e7\u00e3o para doadores de medula \u00f3ssea e inscritos no Cadastro \u00danico para Programas Sociais do Governo Federal (Cad\u00danico) do Governo Federal.<\/p>\n<p style=\"text-align: justify;\">Ao fazer a inscri\u00e7\u00e3o, o candidato fica ciente de que poder\u00e1 exercer as atividades em uma das dez unidades do IFMS, localizadas nos munic\u00edpios de Aquidauana, Campo Grande, Corumb\u00e1, Coxim, Dourados, Jardim, Navira\u00ed, Nova Andradina, Ponta Por\u00e3 e Tr\u00eas Lagoas.<\/p>\n<p style=\"text-align: justify;\">A escolha da unidade de lota\u00e7\u00e3o pelo candidato depender\u00e1 da sua classifica\u00e7\u00e3o no\u00a0concurso\u00a0e da op\u00e7\u00e3o que fizer quando for convocado para o provimento do cargo.<\/p>\n<p style=\"text-align: justify;\"><b>Concurso\u00a0P\u00fablico<\/b>\u00a0&#8211; Ser\u00e1 composto por provas objetiva, de desempenho did\u00e1tico, e de t\u00edtulos e an\u00e1lise curricular.<\/p>\n<p style=\"text-align: justify;\">A prova objetiva est\u00e1 prevista para 15 de janeiro de 2023, em Campo Grande. Ser\u00e3o 40 quest\u00f5es objetivas de m\u00faltipla escolha, sendo 10 de Legisla\u00e7\u00e3o de Educa\u00e7\u00e3o Profissional e Tecnol\u00f3gica e 30 espec\u00edficas.<\/p>\n<p style=\"text-align: justify;\">O resultado definitivo da prova objetiva est\u00e1 previsto para dia 8 de fevereiro.\u00a0As demais provas ser\u00e3o realizadas conforme datas a serem publicadas em editais espec\u00edficos.<\/p>\n<p style=\"text-align: justify;\">O conte\u00fado program\u00e1tico da Legisla\u00e7\u00e3o e de cada \u00e1rea\/sub\u00e1rea est\u00e1 dispon\u00edvel no anexo II do edital.<\/p>\n<p style=\"text-align: justify;\">Em caso de d\u00favida sobre o certame, o e-mail de contato \u00e9 o\u00a0<a title=\"ifmsdocentes2022@idecan.org.br\" href=\"mailto:ifmsdocentes2022@idecan.org.br?subject=E-mail\" target=\"_blank\" rel=\"noopener\">ifmsdocentes2022@idecan.org.<wbr \/>br<\/a>.<\/p>\n<p style=\"text-align: justify;\"><strong>Vagas\u00a0<\/strong><\/p>\n<table border=\"1\">\n<tbody>\n<tr>\n<td><strong>\u00c1rea\/Sub\u00e1rea<\/strong><\/td>\n<td><strong>Ampla*<\/strong><\/td>\n<td><strong>PPP**<\/strong><\/td>\n<td><strong>PCD***<\/strong><\/td>\n<td><strong>Total<\/strong><\/td>\n<td><strong>Titula\u00e7\u00e3o Exigida<\/strong><\/td>\n<\/tr>\n<tr>\n<td>Administra\u00e7\u00e3o<\/td>\n<td>1<\/td>\n<td>&#8211;<\/td>\n<td>1<\/td>\n<td>2<\/td>\n<td>Gradua\u00e7\u00e3o em Administra\u00e7\u00e3o<\/td>\n<\/tr>\n<tr>\n<td>Alimentos<\/td>\n<td>1<\/td>\n<td>&#8211;<\/td>\n<td>&#8211;<\/td>\n<td>1<\/td>\n<td>Gradua\u00e7\u00e3o em Tecnologia em Alimentos ou em Tecnologia em Agroind\u00fastria ou em Engenharia de Alimentos ou em Engenharia de Agroind\u00fastria ou em Engenharia de Produ\u00e7\u00e3o Agroindustrial<\/td>\n<\/tr>\n<tr>\n<td>Arte<\/td>\n<td>1<\/td>\n<td>&#8211;<\/td>\n<td>&#8211;<\/td>\n<td>1<\/td>\n<td>Gradua\u00e7\u00e3o em Arte ou Educa\u00e7\u00e3o Art\u00edstica, em quaisquer de suas Linguagens<\/td>\n<\/tr>\n<tr>\n<td>Ci\u00eancias Agr\u00e1rias\/ Agronomia<\/td>\n<td>1<\/td>\n<td>&#8211;<\/td>\n<td>&#8211;<\/td>\n<td>1<\/td>\n<td>Gradua\u00e7\u00e3o em Engenharia Agron\u00f4mica ou em Agronomia<\/td>\n<\/tr>\n<tr>\n<td>Ci\u00eancias Agr\u00e1rias\/ Fitotecnia<\/td>\n<td>1<\/td>\n<td>&#8211;<\/td>\n<td>&#8211;<\/td>\n<td>1<\/td>\n<td>Gradua\u00e7\u00e3o em Engenharia Agron\u00f4mica ou em Agronomia<\/td>\n<\/tr>\n<tr>\n<td>Engenharia Civil\/ Constru\u00e7\u00e3o Civil<\/td>\n<td>1<\/td>\n<td>&#8211;<\/td>\n<td>&#8211;<\/td>\n<td>1<\/td>\n<td>Gradua\u00e7\u00e3o em Engenharia Civil<\/td>\n<\/tr>\n<tr>\n<td>Engenharia Civil\/ Infraestrutura<\/td>\n<td>1<\/td>\n<td>&#8211;<\/td>\n<td>&#8211;<\/td>\n<td>1<\/td>\n<td>Gradua\u00e7\u00e3o em Engenharia Civil<\/td>\n<\/tr>\n<tr>\n<td>Engenharia El\u00e9trica<\/td>\n<td>1<\/td>\n<td>1<\/td>\n<td>&#8211;<\/td>\n<td>2<\/td>\n<td>Gradua\u00e7\u00e3o em Engenharia El\u00e9trica ou em Engenharia de Controle e Automa\u00e7\u00e3o ou em Tecnologia em Automa\u00e7\u00e3o Industrial ou em Tecnologia em Eletr\u00f4nica Industrial<\/td>\n<\/tr>\n<tr>\n<td>Engenharia Mec\u00e2nica<\/td>\n<td>1<\/td>\n<td>1<\/td>\n<td>&#8211;<\/td>\n<td>2<\/td>\n<td>Gradua\u00e7\u00e3o em Engenharia Mec\u00e2nica ou em Engenharia Mecatr\u00f4nica ou em Engenharia de Controle e Automa\u00e7\u00e3o<\/td>\n<\/tr>\n<tr>\n<td>Engenharia de Pesca<\/td>\n<td>1<\/td>\n<td>&#8211;<\/td>\n<td>&#8211;<\/td>\n<td>1<\/td>\n<td>Gradua\u00e7\u00e3o em Engenharia de Pesca<\/td>\n<\/tr>\n<tr>\n<td>Geografia<\/td>\n<td>1<\/td>\n<td>&#8211;<\/td>\n<td>&#8211;<\/td>\n<td>1<\/td>\n<td>Gradua\u00e7\u00e3o em Geografia<\/td>\n<\/tr>\n<tr>\n<td>Inform\u00e1tica\/ Desenvolvimento Web<\/td>\n<td>1<\/td>\n<td>1<\/td>\n<td>&#8211;<\/td>\n<td>2<\/td>\n<td>Gradua\u00e7\u00e3o em Ci\u00eancia da Computa\u00e7\u00e3o ou em An\u00e1lise de Sistemas ou em Engenharia da Computa\u00e7\u00e3o ou em Gest\u00e3o da Tecnologia da Informa\u00e7\u00e3o ou em Sistemas para Internet ou em Sistemas de Informa\u00e7\u00e3o ou em An\u00e1lise e Desenvolvimento de Sistemas ou Licenciatura em Ci\u00eancia da Computa\u00e7\u00e3o ou \u00e1rea equivalente<\/td>\n<\/tr>\n<tr>\n<td>Inform\u00e1tica\/Redes de Computadores<\/td>\n<td>3<\/td>\n<td>1<\/td>\n<td>&#8211;<\/td>\n<td>4<\/td>\n<td>Gradua\u00e7\u00e3o em Ci\u00eancia da Computa\u00e7\u00e3o ou em An\u00e1lise de Sistemas ou em Engenharia da Computa\u00e7\u00e3o ou em Engenharia de Redes ou em Engenharia El\u00e9trica; ou Tecn\u00f3logo em Gest\u00e3o da Tecnologia da Informa\u00e7\u00e3o ou em An\u00e1lise e Desenvolvimento de Sistemas ou em Seguran\u00e7a da Informa\u00e7\u00e3o ou em Redes de Computadores ou \u00e1rea equivalente<\/td>\n<\/tr>\n<tr>\n<td>Matem\u00e1tica<\/td>\n<td>1<\/td>\n<td>1<\/td>\n<td>1<\/td>\n<td>3<\/td>\n<td>Gradua\u00e7\u00e3o em Matem\u00e1tica<\/td>\n<\/tr>\n<tr>\n<td>Metalurgia da Transforma\u00e7\u00e3o<\/td>\n<td>1<\/td>\n<td>&#8211;<\/td>\n<td>&#8211;<\/td>\n<td>1<\/td>\n<td>Gradua\u00e7\u00e3o em Engenharia Metal\u00fargica ou Engenharia de Materiais ou Tecnologia da \u00c1rea de Materiais ou Tecnologia da \u00c1rea Metal\u00fargica ou Engenharia Mec\u00e2nica ou Tecnologia na \u00c1rea de Mec\u00e2nica<\/td>\n<\/tr>\n<tr>\n<td>Metodologia<\/td>\n<td>1<\/td>\n<td>&#8211;<\/td>\n<td>&#8211;<\/td>\n<td>1<\/td>\n<td>Gradua\u00e7\u00e3o em Pedagogia<\/td>\n<\/tr>\n<tr>\n<td>Portugu\u00eas\/Ingl\u00eas<\/td>\n<td>1<\/td>\n<td>&#8211;<\/td>\n<td>&#8211;<\/td>\n<td>1<\/td>\n<td>Licenciatura em Letras com habilita\u00e7\u00e3o em L\u00edngua Portuguesa e L\u00edngua Inglesa<\/td>\n<\/tr>\n<tr>\n<td>Sociologia<\/td>\n<td>1<\/td>\n<td>&#8211;<\/td>\n<td>&#8211;<\/td>\n<td>1<\/td>\n<td>Ci\u00eancia Sociais ou Sociologia<\/td>\n<\/tr>\n<tr>\n<td>TOTAL<\/td>\n<td>20<\/td>\n<td>5<\/td>\n<td>2<\/td>\n<td>27<\/td>\n<td><\/td>\n<\/tr>\n<\/tbody>\n<\/table>\n<p>* Ampla &#8211; Vagas destinadas \u00e0 ampla concorr\u00eancia<br \/>\n** PPP &#8211; Vagas reservadas \u00e0s Pessoas Pretas ou Pardas (Lei n\u00ba 12.990\/2014)<br \/>\n*** PCD &#8211; Vagas reservadas \u00e0s Pessoas com Defici\u00eancia<\/p>\n","protected":false},"excerpt":{"rendered":"<p>O Instituto Federal de Mato Grosso do Sul (IFMS) est\u00e1 com 27 vagas abertas em\u00a0concurso\u00a0p\u00fablico para professores do ensino b\u00e1sico, t\u00e9cnico e tecnol\u00f3gico em quinze diferentes \u00e1reas. A lota\u00e7\u00e3o poder\u00e1 se dar em qualquer campus da institui\u00e7\u00e3o, a crit\u00e9rio da administra\u00e7\u00e3o. O concurso ser\u00e1 realizado por meio do Instituto de Desenvolvimento Educacional, Cultural e Assistencial [&hellip;]<\/p>\n","protected":false},"author":2,"featured_media":175864,"comment_status":"open","ping_status":"open","sticky":false,"template":"","format":"standard","meta":{"_monsterinsights_skip_tracking":false,"_monsterinsights_sitenote_active":false,"_monsterinsights_sitenote_note":"","_monsterinsights_sitenote_category":0},"categories":[30261],"tags":[186,972,3316,2960],"aioseo_notices":[],"_links":{"self":[{"href":"http:\/\/mspontocom.com.br\/site\/wp-json\/wp\/v2\/posts\/175863"}],"collection":[{"href":"http:\/\/mspontocom.com.br\/site\/wp-json\/wp\/v2\/posts"}],"about":[{"href":"http:\/\/mspontocom.com.br\/site\/wp-json\/wp\/v2\/types\/post"}],"author":[{"embeddable":true,"href":"http:\/\/mspontocom.com.br\/site\/wp-json\/wp\/v2\/users\/2"}],"replies":[{"embeddable":true,"href":"http:\/\/mspontocom.com.br\/site\/wp-json\/wp\/v2\/comments?post=175863"}],"version-history":[{"count":1,"href":"http:\/\/mspontocom.com.br\/site\/wp-json\/wp\/v2\/posts\/175863\/revisions"}],"predecessor-version":[{"id":175865,"href":"http:\/\/mspontocom.com.br\/site\/wp-json\/wp\/v2\/posts\/175863\/revisions\/175865"}],"wp:featuredmedia":[{"embeddable":true,"href":"http:\/\/mspontocom.com.br\/site\/wp-json\/wp\/v2\/media\/175864"}],"wp:attachment":[{"href":"http:\/\/mspontocom.com.br\/site\/wp-json\/wp\/v2\/media?parent=175863"}],"wp:term":[{"taxonomy":"category","embeddable":true,"href":"http:\/\/mspontocom.com.br\/site\/wp-json\/wp\/v2\/categories?post=175863"},{"taxonomy":"post_tag","embeddable":true,"href":"http:\/\/mspontocom.com.br\/site\/wp-json\/wp\/v2\/tags?post=175863"}],"curies":[{"name":"wp","href":"https:\/\/api.w.org\/{rel}","templated":true}]}}