{"id":176508,"date":"2022-12-06T06:02:51","date_gmt":"2022-12-06T10:02:51","guid":{"rendered":"https:\/\/mspontocom.com.br\/site\/?p=176508"},"modified":"2022-12-06T08:09:28","modified_gmt":"2022-12-06T12:09:28","slug":"receita-federal-publica-edital-de-concurso-com-salario-de-r-21-mil","status":"publish","type":"post","link":"http:\/\/mspontocom.com.br\/site\/receita-federal-publica-edital-de-concurso-com-salario-de-r-21-mil\/","title":{"rendered":"Receita Federal publica edital de concurso com sal\u00e1rio de R$ 21 mil"},"content":{"rendered":"<p style=\"text-align: justify;\"><img loading=\"lazy\" class=\"alignnone size-medium wp-image-176528\" src=\"https:\/\/mspontocom.com.br\/site\/wp-content\/uploads\/2022\/12\/site-receita-federal-publica-edital-de-concurso-com-salario-de-r-21-mil-leao-260x146.jpg\" alt=\"\" width=\"260\" height=\"146\" srcset=\"http:\/\/mspontocom.com.br\/site\/wp-content\/uploads\/2022\/12\/site-receita-federal-publica-edital-de-concurso-com-salario-de-r-21-mil-leao-260x146.jpg 260w, http:\/\/mspontocom.com.br\/site\/wp-content\/uploads\/2022\/12\/site-receita-federal-publica-edital-de-concurso-com-salario-de-r-21-mil-leao-768x431.jpg 768w, http:\/\/mspontocom.com.br\/site\/wp-content\/uploads\/2022\/12\/site-receita-federal-publica-edital-de-concurso-com-salario-de-r-21-mil-leao.jpg 780w\" sizes=\"(max-width: 260px) 100vw, 260px\" \/><\/p>\n<p style=\"text-align: justify;\">A <strong>Receita Federal<\/strong> publicou\u00a0 no Di\u00e1rio Oficial da Uni\u00e3o, o edital de um concurso p\u00fablico do \u00f3rg\u00e3o com sal\u00e1rios iniciais de at\u00e9 R$ 21 mil.<\/p>\n<p style=\"text-align: justify;\">Ao todo, ser\u00e3o 699 vagas de n\u00edvel superior para os cargos de auditor fiscal e analista tribut\u00e1rio.<\/p>\n<p style=\"text-align: justify;\">Segundo o edital, cada cargo ter\u00e1 5% das vagas reservadas para pessoa com defici\u00eancia e 20% para negros.<\/p>\n<p style=\"text-align: justify;\"><strong>As inscri\u00e7\u00f5es v\u00e3o de 12 de dezembro de 2022 at\u00e9 19 de janeiro de 2023<\/strong>\u00a0<strong>no site da\u00a0<a href=\"https:\/\/conhecimento.fgv.br\/concursos\">FGV<\/a>.<\/strong><\/p>\n<p style=\"text-align: justify;\">O valor da taxa de inscri\u00e7\u00e3o \u00e9 de R$ 210 para o cargo de auditor fiscal e R$ 115 para o de analista tribut\u00e1rio.<\/p>\n<p>&nbsp;<\/p>\n","protected":false},"excerpt":{"rendered":"<p>A Receita Federal publicou\u00a0 no Di\u00e1rio Oficial da Uni\u00e3o, o edital de um concurso p\u00fablico do \u00f3rg\u00e3o com sal\u00e1rios iniciais de at\u00e9 R$ 21 mil. Ao todo, ser\u00e3o 699 vagas de n\u00edvel superior para os cargos de auditor fiscal e analista tribut\u00e1rio. Segundo o edital, cada cargo ter\u00e1 5% das vagas reservadas para pessoa com [&hellip;]<\/p>\n","protected":false},"author":2,"featured_media":176528,"comment_status":"open","ping_status":"open","sticky":false,"template":"","format":"standard","meta":{"_monsterinsights_skip_tracking":false,"_monsterinsights_sitenote_active":false,"_monsterinsights_sitenote_note":"","_monsterinsights_sitenote_category":0},"categories":[30261],"tags":[38805,125,38804,38806],"aioseo_notices":[],"_links":{"self":[{"href":"http:\/\/mspontocom.com.br\/site\/wp-json\/wp\/v2\/posts\/176508"}],"collection":[{"href":"http:\/\/mspontocom.com.br\/site\/wp-json\/wp\/v2\/posts"}],"about":[{"href":"http:\/\/mspontocom.com.br\/site\/wp-json\/wp\/v2\/types\/post"}],"author":[{"embeddable":true,"href":"http:\/\/mspontocom.com.br\/site\/wp-json\/wp\/v2\/users\/2"}],"replies":[{"embeddable":true,"href":"http:\/\/mspontocom.com.br\/site\/wp-json\/wp\/v2\/comments?post=176508"}],"version-history":[{"count":2,"href":"http:\/\/mspontocom.com.br\/site\/wp-json\/wp\/v2\/posts\/176508\/revisions"}],"predecessor-version":[{"id":176529,"href":"http:\/\/mspontocom.com.br\/site\/wp-json\/wp\/v2\/posts\/176508\/revisions\/176529"}],"wp:featuredmedia":[{"embeddable":true,"href":"http:\/\/mspontocom.com.br\/site\/wp-json\/wp\/v2\/media\/176528"}],"wp:attachment":[{"href":"http:\/\/mspontocom.com.br\/site\/wp-json\/wp\/v2\/media?parent=176508"}],"wp:term":[{"taxonomy":"category","embeddable":true,"href":"http:\/\/mspontocom.com.br\/site\/wp-json\/wp\/v2\/categories?post=176508"},{"taxonomy":"post_tag","embeddable":true,"href":"http:\/\/mspontocom.com.br\/site\/wp-json\/wp\/v2\/tags?post=176508"}],"curies":[{"name":"wp","href":"https:\/\/api.w.org\/{rel}","templated":true}]}}