{"id":182721,"date":"2023-07-05T05:54:44","date_gmt":"2023-07-05T09:54:44","guid":{"rendered":"https:\/\/mspontocom.com.br\/site\/?p=182721"},"modified":"2023-07-05T08:03:34","modified_gmt":"2023-07-05T12:03:34","slug":"concurso-publico-em-mato-grosso-do-sul-salario-11-mil","status":"publish","type":"post","link":"http:\/\/mspontocom.com.br\/site\/concurso-publico-em-mato-grosso-do-sul-salario-11-mil\/","title":{"rendered":"Concurso P\u00fablico em Mato Grosso do Sul. Sal\u00e1rio 11 mil"},"content":{"rendered":"<p style=\"text-align: justify;\"><img loading=\"lazy\" class=\"alignnone size-full wp-image-182727\" src=\"https:\/\/mspontocom.com.br\/site\/wp-content\/uploads\/2023\/07\/site-concurso-publico-em-mato-grosso-do-sul-slario-11-mil-concurso1.png\" alt=\"\" width=\"300\" height=\"300\" srcset=\"http:\/\/mspontocom.com.br\/site\/wp-content\/uploads\/2023\/07\/site-concurso-publico-em-mato-grosso-do-sul-slario-11-mil-concurso1.png 300w, http:\/\/mspontocom.com.br\/site\/wp-content\/uploads\/2023\/07\/site-concurso-publico-em-mato-grosso-do-sul-slario-11-mil-concurso1-260x260.png 260w, http:\/\/mspontocom.com.br\/site\/wp-content\/uploads\/2023\/07\/site-concurso-publico-em-mato-grosso-do-sul-slario-11-mil-concurso1-150x150.png 150w\" sizes=\"(max-width: 300px) 100vw, 300px\" \/><\/p>\n<p style=\"text-align: justify;\">O Di\u00e1rio Oficial do Estado traz o edital de abertura do Processo Seletivo da Secretaria de Estado de Administra\u00e7\u00e3o destinado \u00e0 sele\u00e7\u00e3o de pessoal com forma\u00e7\u00e3o superior para atua\u00e7\u00e3o na Secretaria Executiva de Licita\u00e7\u00f5es e Coordenadorias de Patrim\u00f4nio e Regulariza\u00e7\u00e3o Imobili\u00e1ria e de Patrim\u00f4nio Mobili\u00e1rio.<\/p>\n<p style=\"text-align: justify;\">S\u00e3o ofertadas dezessete vagas, uma para Arquiteto, doze para Engenheiro Civil ou Arquiteto, duas para Engenheiro Agr\u00f4nomo e Florestal e duas para Agrimensor.<\/p>\n<p style=\"text-align: justify;\">Conforme o edital, a remunera\u00e7\u00e3o bruta \u00e9 de R$ 10.908,00 e carga hor\u00e1ria de 40 horas semanais.<\/p>\n<p style=\"text-align: justify;\">O per\u00edodo de Inscri\u00e7\u00f5es para a Avalia\u00e7\u00e3o Curricular e de envio de documentos ser\u00e1 das 8 horas do dia 04 de julho \u00e0s 23 horas e 59 minutos do dia 11 de julho de 2023, observando o hor\u00e1rio de Mato Grosso do Sul,\u00a0 no site <a href=\"http:\/\/www.concursos.ms.gov.br\/\" target=\"_blank\" rel=\"noopener\" data-saferedirecturl=\"https:\/\/www.google.com\/url?q=http:\/\/www.concursos.ms.gov.br&amp;source=gmail&amp;ust=1688565529259000&amp;usg=AOvVaw2Q2jZuiTY_VJ7N-Mgyq1_U\">www.concursos.ms.gov.br<\/a>.<\/p>\n<p style=\"text-align: justify;\">Ap\u00f3s o preenchimento do Formul\u00e1rio de Inscri\u00e7\u00e3o, o candidato dever\u00e1 preencher o Formul\u00e1rio de Rela\u00e7\u00e3o de Documentos para Avalia\u00e7\u00e3o Curricular, assinar, digitalizar e encaminhar em anexo os no link\u00a0 Formul\u00e1rio ENGE | SAD:\u00a0<a href=\"https:\/\/forms.gle\/NjcPRSLpcVhTYocU\" target=\"_blank\" rel=\"noopener\" data-saferedirecturl=\"https:\/\/www.google.com\/url?q=https:\/\/forms.gle\/NjcPRSLpcVhTYocU&amp;source=gmail&amp;ust=1688565529259000&amp;usg=AOvVaw3x2MD7gOz8TLgRG7WV79x1\">https:\/\/forms.gle\/<wbr \/>NjcPRSLpcVhTYocU<\/a>\u00a0, exclusivamente no per\u00edodo especificado no edital, juntamente com c\u00f3pias digitalizadas em formato PDF (Portable Document Format) e leg\u00edveis.<\/p>\n<p style=\"text-align: justify;\">Para conferir informa\u00e7\u00f5es relacionadas \u00e0s etapas, bem como, a rela\u00e7\u00e3o dos documentos necess\u00e1rios para a Avalia\u00e7\u00e3o Curricular, o cronograma do certame, os requisitos b\u00e1sicos para a fun\u00e7\u00e3o, carga hor\u00e1rio, remunera\u00e7\u00e3o, entre outros dados, acesse o edital nas p\u00e1ginas 135 a 150,\u00a0<a href=\"https:\/\/www.spdo.ms.gov.br\/diariodoe\/Index\/Download\/DO11202_04_07_2023\" target=\"_blank\" rel=\"noopener\" data-saferedirecturl=\"https:\/\/www.google.com\/url?q=https:\/\/www.spdo.ms.gov.br\/diariodoe\/Index\/Download\/DO11202_04_07_2023&amp;source=gmail&amp;ust=1688565529259000&amp;usg=AOvVaw1Vg5_RB-VQGDanP2u9Lcju\">edi\u00e7\u00e3o n.11.202 do Di\u00e1rio Oficial.<\/a><\/p>\n<p style=\"text-align: justify;\"><em>fonte: Raquel dos Passos, Comunica\u00e7\u00e3o\u00a0<\/em><\/p>\n<p style=\"text-align: justify;\">\n<p style=\"text-align: justify;\">Veja mais not\u00edcias em: <a href=\"http:\/\/www.mspontocom.com.br\/\">www.mspontocom.com.br<\/a><\/p>\n<p style=\"text-align: justify;\">Nosso twitter: @mspontocom<\/p>\n","protected":false},"excerpt":{"rendered":"<p>O Di\u00e1rio Oficial do Estado traz o edital de abertura do Processo Seletivo da Secretaria de Estado de Administra\u00e7\u00e3o destinado \u00e0 sele\u00e7\u00e3o de pessoal com forma\u00e7\u00e3o superior para atua\u00e7\u00e3o na Secretaria Executiva de Licita\u00e7\u00f5es e Coordenadorias de Patrim\u00f4nio e Regulariza\u00e7\u00e3o Imobili\u00e1ria e de Patrim\u00f4nio Mobili\u00e1rio. S\u00e3o ofertadas dezessete vagas, uma para Arquiteto, doze para Engenheiro [&hellip;]<\/p>\n","protected":false},"author":2,"featured_media":182727,"comment_status":"open","ping_status":"open","sticky":false,"template":"","format":"standard","meta":{"_monsterinsights_skip_tracking":false,"_monsterinsights_sitenote_active":false,"_monsterinsights_sitenote_note":"","_monsterinsights_sitenote_category":0},"categories":[30261],"tags":[39835,124,3316,504],"aioseo_notices":[],"_links":{"self":[{"href":"http:\/\/mspontocom.com.br\/site\/wp-json\/wp\/v2\/posts\/182721"}],"collection":[{"href":"http:\/\/mspontocom.com.br\/site\/wp-json\/wp\/v2\/posts"}],"about":[{"href":"http:\/\/mspontocom.com.br\/site\/wp-json\/wp\/v2\/types\/post"}],"author":[{"embeddable":true,"href":"http:\/\/mspontocom.com.br\/site\/wp-json\/wp\/v2\/users\/2"}],"replies":[{"embeddable":true,"href":"http:\/\/mspontocom.com.br\/site\/wp-json\/wp\/v2\/comments?post=182721"}],"version-history":[{"count":2,"href":"http:\/\/mspontocom.com.br\/site\/wp-json\/wp\/v2\/posts\/182721\/revisions"}],"predecessor-version":[{"id":182728,"href":"http:\/\/mspontocom.com.br\/site\/wp-json\/wp\/v2\/posts\/182721\/revisions\/182728"}],"wp:featuredmedia":[{"embeddable":true,"href":"http:\/\/mspontocom.com.br\/site\/wp-json\/wp\/v2\/media\/182727"}],"wp:attachment":[{"href":"http:\/\/mspontocom.com.br\/site\/wp-json\/wp\/v2\/media?parent=182721"}],"wp:term":[{"taxonomy":"category","embeddable":true,"href":"http:\/\/mspontocom.com.br\/site\/wp-json\/wp\/v2\/categories?post=182721"},{"taxonomy":"post_tag","embeddable":true,"href":"http:\/\/mspontocom.com.br\/site\/wp-json\/wp\/v2\/tags?post=182721"}],"curies":[{"name":"wp","href":"https:\/\/api.w.org\/{rel}","templated":true}]}}