{"id":183083,"date":"2023-07-18T08:10:58","date_gmt":"2023-07-18T12:10:58","guid":{"rendered":"https:\/\/mspontocom.com.br\/site\/?p=183083"},"modified":"2023-07-18T08:10:58","modified_gmt":"2023-07-18T12:10:58","slug":"ufscar-abre-concurso-publico-para-nivel-medio-e-superior","status":"publish","type":"post","link":"http:\/\/mspontocom.com.br\/site\/ufscar-abre-concurso-publico-para-nivel-medio-e-superior\/","title":{"rendered":"UFSCar abre concurso p\u00fablico para n\u00edvel m\u00e9dio e superior"},"content":{"rendered":"<p style=\"text-align: justify;\"><img loading=\"lazy\" class=\"alignnone size-full wp-image-183092\" src=\"https:\/\/mspontocom.com.br\/site\/wp-content\/uploads\/2023\/07\/site-ufscar-abre-concurso-publico-para-nivel-medio-e-superior-ufscar-e1689682164357.png\" alt=\"\" width=\"1014\" height=\"468\" srcset=\"http:\/\/mspontocom.com.br\/site\/wp-content\/uploads\/2023\/07\/site-ufscar-abre-concurso-publico-para-nivel-medio-e-superior-ufscar-e1689682164357.png 1014w, http:\/\/mspontocom.com.br\/site\/wp-content\/uploads\/2023\/07\/site-ufscar-abre-concurso-publico-para-nivel-medio-e-superior-ufscar-e1689682164357-260x120.png 260w, http:\/\/mspontocom.com.br\/site\/wp-content\/uploads\/2023\/07\/site-ufscar-abre-concurso-publico-para-nivel-medio-e-superior-ufscar-e1689682164357-768x354.png 768w\" sizes=\"(max-width: 1014px) 100vw, 1014px\" \/><\/p>\n<p style=\"text-align: justify;\">Est\u00e3o abertas, at\u00e9 o dia 11 de agosto, as inscri\u00e7\u00f5es no Concurso P\u00fablico para cargos t\u00e9cnico-administrativos, n\u00edveis superior e intermedi\u00e1rio, nos quatro campi da Universidade Federal de S\u00e3o Carlos (UFSCar).<\/p>\n<p style=\"text-align: justify;\">Dentre estas, h\u00e1 reserva de vagas para pessoas negras e para pessoas com defici\u00eancia.<\/p>\n<p style=\"text-align: justify;\">De n\u00edvel superior, h\u00e1 vagas para Analista de Tecnologia da Informa\u00e7\u00e3o, Contador, F\u00edsico, M\u00e9dico, Veterin\u00e1rio, Qu\u00edmico, Bibliotec\u00e1rio, Psic\u00f3logo e T\u00e9cnico em Assuntos Educacionais. J\u00e1 para n\u00edvel intermedi\u00e1rio, h\u00e1 oportunidades para T\u00e9cnicos de Laborat\u00f3rio das \u00e1reas Ambiental, Audiovisual, Biologia, Engenharia Civil, Geografia, Metalurgia, Qu\u00edmica, Mec\u00e2nica, al\u00e9m de T\u00e9cnico de Tecnologia da Informa\u00e7\u00e3o, em Contabilidade, em Enfermagem, em Agropecu\u00e1ria, e Assistente em Administra\u00e7\u00e3o.<\/p>\n<p style=\"text-align: justify;\">Os interessados devem se inscrever pelo site\u00a0<a href=\"http:\/\/www.concursos.ufscar.br\/\" target=\"_blank\" rel=\"noopener\" data-saferedirecturl=\"https:\/\/www.google.com\/url?q=http:\/\/www.concursos.ufscar.br&amp;source=gmail&amp;ust=1689763867380000&amp;usg=AOvVaw2Bphn_BJjWfwfpI8jX1CaB\">www.concursos.ufscar.br<\/a>.<\/p>\n<p style=\"text-align: justify;\">Veja mais not\u00edcias em: <a href=\"http:\/\/www.mspontocom.com.br\/\">www.mspontocom.com.br<\/a><\/p>\n<p style=\"text-align: justify;\">Nosso twitter: @mspontocom<\/p>\n","protected":false},"excerpt":{"rendered":"<p>Est\u00e3o abertas, at\u00e9 o dia 11 de agosto, as inscri\u00e7\u00f5es no Concurso P\u00fablico para cargos t\u00e9cnico-administrativos, n\u00edveis superior e intermedi\u00e1rio, nos quatro campi da Universidade Federal de S\u00e3o Carlos (UFSCar). Dentre estas, h\u00e1 reserva de vagas para pessoas negras e para pessoas com defici\u00eancia. De n\u00edvel superior, h\u00e1 vagas para Analista de Tecnologia da Informa\u00e7\u00e3o, [&hellip;]<\/p>\n","protected":false},"author":2,"featured_media":183092,"comment_status":"open","ping_status":"open","sticky":false,"template":"","format":"standard","meta":{"_monsterinsights_skip_tracking":false,"_monsterinsights_sitenote_active":false,"_monsterinsights_sitenote_note":"","_monsterinsights_sitenote_category":0},"categories":[30261],"tags":[124,22292],"aioseo_notices":[],"_links":{"self":[{"href":"http:\/\/mspontocom.com.br\/site\/wp-json\/wp\/v2\/posts\/183083"}],"collection":[{"href":"http:\/\/mspontocom.com.br\/site\/wp-json\/wp\/v2\/posts"}],"about":[{"href":"http:\/\/mspontocom.com.br\/site\/wp-json\/wp\/v2\/types\/post"}],"author":[{"embeddable":true,"href":"http:\/\/mspontocom.com.br\/site\/wp-json\/wp\/v2\/users\/2"}],"replies":[{"embeddable":true,"href":"http:\/\/mspontocom.com.br\/site\/wp-json\/wp\/v2\/comments?post=183083"}],"version-history":[{"count":2,"href":"http:\/\/mspontocom.com.br\/site\/wp-json\/wp\/v2\/posts\/183083\/revisions"}],"predecessor-version":[{"id":183093,"href":"http:\/\/mspontocom.com.br\/site\/wp-json\/wp\/v2\/posts\/183083\/revisions\/183093"}],"wp:featuredmedia":[{"embeddable":true,"href":"http:\/\/mspontocom.com.br\/site\/wp-json\/wp\/v2\/media\/183092"}],"wp:attachment":[{"href":"http:\/\/mspontocom.com.br\/site\/wp-json\/wp\/v2\/media?parent=183083"}],"wp:term":[{"taxonomy":"category","embeddable":true,"href":"http:\/\/mspontocom.com.br\/site\/wp-json\/wp\/v2\/categories?post=183083"},{"taxonomy":"post_tag","embeddable":true,"href":"http:\/\/mspontocom.com.br\/site\/wp-json\/wp\/v2\/tags?post=183083"}],"curies":[{"name":"wp","href":"https:\/\/api.w.org\/{rel}","templated":true}]}}