{"id":191545,"date":"2024-06-15T07:32:55","date_gmt":"2024-06-15T11:32:55","guid":{"rendered":"https:\/\/mspontocom.com.br\/site\/?p=191545"},"modified":"2024-06-15T07:32:55","modified_gmt":"2024-06-15T11:32:55","slug":"moro-se-irrita-com-ataque-de-mendes-e-promete-resposta","status":"publish","type":"post","link":"http:\/\/mspontocom.com.br\/site\/moro-se-irrita-com-ataque-de-mendes-e-promete-resposta\/","title":{"rendered":"Moro se irrita com ataque de Mendes e promete resposta"},"content":{"rendered":"<p style=\"text-align: justify;\"><img loading=\"lazy\" class=\"alignnone size-full wp-image-191546\" src=\"https:\/\/mspontocom.com.br\/site\/wp-content\/uploads\/2024\/06\/site-moro-se-irrita-com-piada-de-gilmar-mendes-e-planeja-resposta-mendes.jpeg\" alt=\"\" width=\"960\" height=\"540\" srcset=\"http:\/\/mspontocom.com.br\/site\/wp-content\/uploads\/2024\/06\/site-moro-se-irrita-com-piada-de-gilmar-mendes-e-planeja-resposta-mendes.jpeg 960w, http:\/\/mspontocom.com.br\/site\/wp-content\/uploads\/2024\/06\/site-moro-se-irrita-com-piada-de-gilmar-mendes-e-planeja-resposta-mendes-260x146.jpeg 260w, http:\/\/mspontocom.com.br\/site\/wp-content\/uploads\/2024\/06\/site-moro-se-irrita-com-piada-de-gilmar-mendes-e-planeja-resposta-mendes-768x432.jpeg 768w\" sizes=\"(max-width: 960px) 100vw, 960px\" \/>O senador Sergio Moro n\u00e3o escondeu de aliados sua irrita\u00e7\u00e3o com as falas do decano do Supremo Tribunal Federal (STF), Gilmar Mendes.<\/p>\n<p style=\"text-align: justify;\">Ao relatar a reuni\u00e3o que teve com o senador em abril, o magistrado descreveu o encontro como \u201cmuito divertido\u201d e afirmou que falou ao pr\u00f3prio Moro que \u201cele e (o ex-procurador e ex-deputado Deltan) Dallagnol <strong>roubavam galinhas juntos\u201d.<\/strong><\/p>\n<p style=\"text-align: justify;\">O senador queria dar uma resposta de imediato a Gilmar e avaliou ir \u00e0s redes sociais.<\/p>\n<p style=\"text-align: justify;\">Moro foi convencido por auxiliares a n\u00e3o escalar a situa\u00e7\u00e3o, at\u00e9 porque se tornou r\u00e9u no STF em uma a\u00e7\u00e3o que o acusa de cal\u00fania contra o pr\u00f3prio decano.<\/p>\n<div class=\"mc-column content-text active-extra-styles \" style=\"text-align: justify;\" data-block-type=\"unstyled\" data-block-weight=\"34\" data-block-id=\"5\">\n<p class=\" content-text__container \" data-track-category=\"Link no Texto\" data-track-links=\"\">Mesmo assim, o senador planeja dar uma resposta indireta ao magistrado.<\/p>\n<p class=\" content-text__container \" data-track-category=\"Link no Texto\" data-track-links=\"\">Aliados relataram que Moro pretende mandar um recado velado no plen\u00e1rio da Casa.<\/p>\n<\/div>\n<div class=\"mc-column content-text active-extra-styles \" data-block-type=\"unstyled\" data-block-weight=\"70\" data-block-id=\"6\">\n<p class=\" content-text__container \" style=\"text-align: justify;\" data-track-category=\"Link no Texto\" data-track-links=\"\">\n<\/div>\n","protected":false},"excerpt":{"rendered":"<p>O senador Sergio Moro n\u00e3o escondeu de aliados sua irrita\u00e7\u00e3o com as falas do decano do Supremo Tribunal Federal (STF), Gilmar Mendes. Ao relatar a reuni\u00e3o que teve com o senador em abril, o magistrado descreveu o encontro como \u201cmuito divertido\u201d e afirmou que falou ao pr\u00f3prio Moro que \u201cele e (o ex-procurador e ex-deputado [&hellip;]<\/p>\n","protected":false},"author":2,"featured_media":191546,"comment_status":"open","ping_status":"open","sticky":false,"template":"","format":"standard","meta":{"_monsterinsights_skip_tracking":false,"_monsterinsights_sitenote_active":false,"_monsterinsights_sitenote_note":"","_monsterinsights_sitenote_category":0},"categories":[2528,12],"tags":[2261,40904,23158,38801],"aioseo_notices":[],"_links":{"self":[{"href":"http:\/\/mspontocom.com.br\/site\/wp-json\/wp\/v2\/posts\/191545"}],"collection":[{"href":"http:\/\/mspontocom.com.br\/site\/wp-json\/wp\/v2\/posts"}],"about":[{"href":"http:\/\/mspontocom.com.br\/site\/wp-json\/wp\/v2\/types\/post"}],"author":[{"embeddable":true,"href":"http:\/\/mspontocom.com.br\/site\/wp-json\/wp\/v2\/users\/2"}],"replies":[{"embeddable":true,"href":"http:\/\/mspontocom.com.br\/site\/wp-json\/wp\/v2\/comments?post=191545"}],"version-history":[{"count":1,"href":"http:\/\/mspontocom.com.br\/site\/wp-json\/wp\/v2\/posts\/191545\/revisions"}],"predecessor-version":[{"id":191547,"href":"http:\/\/mspontocom.com.br\/site\/wp-json\/wp\/v2\/posts\/191545\/revisions\/191547"}],"wp:featuredmedia":[{"embeddable":true,"href":"http:\/\/mspontocom.com.br\/site\/wp-json\/wp\/v2\/media\/191546"}],"wp:attachment":[{"href":"http:\/\/mspontocom.com.br\/site\/wp-json\/wp\/v2\/media?parent=191545"}],"wp:term":[{"taxonomy":"category","embeddable":true,"href":"http:\/\/mspontocom.com.br\/site\/wp-json\/wp\/v2\/categories?post=191545"},{"taxonomy":"post_tag","embeddable":true,"href":"http:\/\/mspontocom.com.br\/site\/wp-json\/wp\/v2\/tags?post=191545"}],"curies":[{"name":"wp","href":"https:\/\/api.w.org\/{rel}","templated":true}]}}