{"id":191559,"date":"2024-06-17T06:30:19","date_gmt":"2024-06-17T10:30:19","guid":{"rendered":"https:\/\/mspontocom.com.br\/site\/?p=191559"},"modified":"2024-06-17T06:30:19","modified_gmt":"2024-06-17T10:30:19","slug":"moro-stf-cometeu-erro-ao-anular-condenacao-de-lula","status":"publish","type":"post","link":"http:\/\/mspontocom.com.br\/site\/moro-stf-cometeu-erro-ao-anular-condenacao-de-lula\/","title":{"rendered":"Moro: STF cometeu erro ao anular condena\u00e7\u00e3o de Lula"},"content":{"rendered":"<p style=\"text-align: justify;\"><img loading=\"lazy\" class=\"alignnone size-full wp-image-191572\" src=\"https:\/\/mspontocom.com.br\/site\/wp-content\/uploads\/2024\/06\/site-moro-stf-cometeu-erro-ao-anular-condenacao-de-lula-moro-preside.jpg\" alt=\"\" width=\"768\" height=\"512\" srcset=\"http:\/\/mspontocom.com.br\/site\/wp-content\/uploads\/2024\/06\/site-moro-stf-cometeu-erro-ao-anular-condenacao-de-lula-moro-preside.jpg 768w, http:\/\/mspontocom.com.br\/site\/wp-content\/uploads\/2024\/06\/site-moro-stf-cometeu-erro-ao-anular-condenacao-de-lula-moro-preside-260x173.jpg 260w\" sizes=\"(max-width: 768px) 100vw, 768px\" \/>O senador e ex-juiz respons\u00e1vel pela Opera\u00e7\u00e3o Lava Jato, Sergio Moro, defende que o STF\u00a0 adote uma \u201chumildade institucional\u201d nas decis\u00f5es que tomar daqui em diante.<\/p>\n<p style=\"text-align: justify;\">Para o senador, h\u00e1 um clima de \u201cpersegui\u00e7\u00e3o\u201d contra as pessoas que fizeram parte da Opera\u00e7\u00e3o Lava Jato.<\/p>\n<p style=\"text-align: justify;\">Ele creditou o cen\u00e1rio \u00e0 gest\u00e3o do presidente Luiz In\u00e1cio Lula da Silva (PT).<\/p>\n<p style=\"text-align: justify;\"><span style=\"font-size: 14pt;\"><strong>Lula<\/strong><\/span><\/p>\n<p style=\"text-align: justify;\">\u201cEm rela\u00e7\u00e3o ao Lula, dizem que eu teria feito isso e aquilo. Mas o fato \u00e9 que minha decis\u00e3o [de condena\u00e7\u00e3o] foi reafirmada em outras Inst\u00e2ncias e por cortes superiores&#8221;.<\/p>\n<p style=\"text-align: justify;\"><span style=\"font-size: 14pt;\"><strong>STF<\/strong><\/span><\/p>\n<p style=\"text-align: justify;\">&#8220;Foi um trabalho institucional. Depois houve um revisionismo \u2014a meu ver, pol\u00edtico. Respeitamos as decis\u00f5es das cortes superiores. Mas, a meu ver, a anula\u00e7\u00e3o [da condena\u00e7\u00e3o de Lula] foi um erro judicial\u201d, declarou Moro.<\/p>\n<p style=\"text-align: justify;\">Veja mais not\u00edcias em: <a href=\"http:\/\/www.mspontocom.com.br\">www.mspontocom.com.br<\/a><\/p>\n<p style=\"text-align: justify;\">Nosso X (Twitter) @mspontocom<\/p>\n","protected":false},"excerpt":{"rendered":"<p>O senador e ex-juiz respons\u00e1vel pela Opera\u00e7\u00e3o Lava Jato, Sergio Moro, defende que o STF\u00a0 adote uma \u201chumildade institucional\u201d nas decis\u00f5es que tomar daqui em diante. Para o senador, h\u00e1 um clima de \u201cpersegui\u00e7\u00e3o\u201d contra as pessoas que fizeram parte da Opera\u00e7\u00e3o Lava Jato. Ele creditou o cen\u00e1rio \u00e0 gest\u00e3o do presidente Luiz In\u00e1cio Lula [&hellip;]<\/p>\n","protected":false},"author":2,"featured_media":191572,"comment_status":"open","ping_status":"open","sticky":false,"template":"","format":"standard","meta":{"_monsterinsights_skip_tracking":false,"_monsterinsights_sitenote_active":false,"_monsterinsights_sitenote_note":"","_monsterinsights_sitenote_category":0},"categories":[6,30260,2528,30259,12],"tags":[41419,41418,480,23158,3014],"aioseo_notices":[],"_links":{"self":[{"href":"http:\/\/mspontocom.com.br\/site\/wp-json\/wp\/v2\/posts\/191559"}],"collection":[{"href":"http:\/\/mspontocom.com.br\/site\/wp-json\/wp\/v2\/posts"}],"about":[{"href":"http:\/\/mspontocom.com.br\/site\/wp-json\/wp\/v2\/types\/post"}],"author":[{"embeddable":true,"href":"http:\/\/mspontocom.com.br\/site\/wp-json\/wp\/v2\/users\/2"}],"replies":[{"embeddable":true,"href":"http:\/\/mspontocom.com.br\/site\/wp-json\/wp\/v2\/comments?post=191559"}],"version-history":[{"count":3,"href":"http:\/\/mspontocom.com.br\/site\/wp-json\/wp\/v2\/posts\/191559\/revisions"}],"predecessor-version":[{"id":191574,"href":"http:\/\/mspontocom.com.br\/site\/wp-json\/wp\/v2\/posts\/191559\/revisions\/191574"}],"wp:featuredmedia":[{"embeddable":true,"href":"http:\/\/mspontocom.com.br\/site\/wp-json\/wp\/v2\/media\/191572"}],"wp:attachment":[{"href":"http:\/\/mspontocom.com.br\/site\/wp-json\/wp\/v2\/media?parent=191559"}],"wp:term":[{"taxonomy":"category","embeddable":true,"href":"http:\/\/mspontocom.com.br\/site\/wp-json\/wp\/v2\/categories?post=191559"},{"taxonomy":"post_tag","embeddable":true,"href":"http:\/\/mspontocom.com.br\/site\/wp-json\/wp\/v2\/tags?post=191559"}],"curies":[{"name":"wp","href":"https:\/\/api.w.org\/{rel}","templated":true}]}}