{"id":191563,"date":"2024-06-17T06:05:33","date_gmt":"2024-06-17T10:05:33","guid":{"rendered":"https:\/\/mspontocom.com.br\/site\/?p=191563"},"modified":"2024-06-17T06:05:33","modified_gmt":"2024-06-17T10:05:33","slug":"stf-vai-monitorar-redes-sociais-e-rastrear-usuarios","status":"publish","type":"post","link":"http:\/\/mspontocom.com.br\/site\/stf-vai-monitorar-redes-sociais-e-rastrear-usuarios\/","title":{"rendered":"STF vai monitorar redes sociais e rastrear usu\u00e1rios"},"content":{"rendered":"<p style=\"text-align: justify;\"><img loading=\"lazy\" class=\"alignnone size-full wp-image-191566\" src=\"https:\/\/mspontocom.com.br\/site\/wp-content\/uploads\/2024\/06\/site-stf-vai-monitorar-redes-sociais-e-rastrear-usuarios-censura-nao.jpg\" alt=\"\" width=\"845\" height=\"500\" srcset=\"http:\/\/mspontocom.com.br\/site\/wp-content\/uploads\/2024\/06\/site-stf-vai-monitorar-redes-sociais-e-rastrear-usuarios-censura-nao.jpg 845w, http:\/\/mspontocom.com.br\/site\/wp-content\/uploads\/2024\/06\/site-stf-vai-monitorar-redes-sociais-e-rastrear-usuarios-censura-nao-260x154.jpg 260w, http:\/\/mspontocom.com.br\/site\/wp-content\/uploads\/2024\/06\/site-stf-vai-monitorar-redes-sociais-e-rastrear-usuarios-censura-nao-768x454.jpg 768w\" sizes=\"(max-width: 845px) 100vw, 845px\" \/>O STF anunciou a abertura de uma licita\u00e7\u00e3o para contratar uma empresa que ser\u00e1 encarregada de monitorar as redes sociais sobre conte\u00fados que envolvam a Corte.<\/p>\n<p style=\"text-align: justify;\"><strong>O valor do contrato, segundo o edital, \u00e9 de 345.000 reais<\/strong> e prev\u00ea dura\u00e7\u00e3o de um ano.<\/p>\n<p style=\"text-align: justify;\">O Supremo quer saber tudo que se fala sobre ele nas redes sociais.<\/p>\n<p style=\"text-align: justify;\">A empresa que vencer a licita\u00e7\u00e3o far\u00e1 um acompanhamento ininterrupto do <strong>Facebook, Twitter, Youtube, Instagram, Flickr, TikTok e Linkedin.<\/strong><\/p>\n<p style=\"text-align: justify;\">\u00a0A empresa tamb\u00e9m ter\u00e1 a responsabilidade\u00a0de identificar quem s\u00e3o as pessoas que est\u00e3o compartilhando os conte\u00fados \u2014 <strong>especialmente os autores de men\u00e7\u00f5es negativas.<\/strong><\/p>\n<p style=\"text-align: justify;\">\u00a0O trabalho deve conter ainda uma avalia\u00e7\u00e3o geral do impacto da mobiliza\u00e7\u00e3o em torno de temas relacionados \u00e0 Corte,\u00a0com avalia\u00e7\u00e3o de seus reflexos na opini\u00e3o p\u00fablica.<\/p>\n<p style=\"text-align: justify;\">Al\u00e9m dos dados precisos sobre a imagem da Corte no universo digital, a ferramenta deve inibir a difus\u00e3o de amea\u00e7as feitas aos ministros.<\/p>\n<p style=\"text-align: justify;\">Os dados colhidos, se for o caso, poder\u00e3o ser compartilhados com a Pol\u00edcia Federal.<\/p>\n<p style=\"text-align: justify;\">\n<p style=\"text-align: justify;\">fonte: Revista Veja<\/p>\n<p>Veja mais not\u00edcias em: <a href=\"http:\/\/www.mspontocom.com.br\">www.mspontocom.com.br<\/a><\/p>\n<p>Nosso X (Twitter) @mspontocom<\/p>\n<p>&nbsp;<\/p>\n","protected":false},"excerpt":{"rendered":"<p>O STF anunciou a abertura de uma licita\u00e7\u00e3o para contratar uma empresa que ser\u00e1 encarregada de monitorar as redes sociais sobre conte\u00fados que envolvam a Corte. O valor do contrato, segundo o edital, \u00e9 de 345.000 reais e prev\u00ea dura\u00e7\u00e3o de um ano. O Supremo quer saber tudo que se fala sobre ele nas redes [&hellip;]<\/p>\n","protected":false},"author":2,"featured_media":191566,"comment_status":"open","ping_status":"open","sticky":false,"template":"","format":"standard","meta":{"_monsterinsights_skip_tracking":false,"_monsterinsights_sitenote_active":false,"_monsterinsights_sitenote_note":"","_monsterinsights_sitenote_category":0},"categories":[2528],"tags":[30432,41416,2443,3014],"aioseo_notices":[],"_links":{"self":[{"href":"http:\/\/mspontocom.com.br\/site\/wp-json\/wp\/v2\/posts\/191563"}],"collection":[{"href":"http:\/\/mspontocom.com.br\/site\/wp-json\/wp\/v2\/posts"}],"about":[{"href":"http:\/\/mspontocom.com.br\/site\/wp-json\/wp\/v2\/types\/post"}],"author":[{"embeddable":true,"href":"http:\/\/mspontocom.com.br\/site\/wp-json\/wp\/v2\/users\/2"}],"replies":[{"embeddable":true,"href":"http:\/\/mspontocom.com.br\/site\/wp-json\/wp\/v2\/comments?post=191563"}],"version-history":[{"count":2,"href":"http:\/\/mspontocom.com.br\/site\/wp-json\/wp\/v2\/posts\/191563\/revisions"}],"predecessor-version":[{"id":191567,"href":"http:\/\/mspontocom.com.br\/site\/wp-json\/wp\/v2\/posts\/191563\/revisions\/191567"}],"wp:featuredmedia":[{"embeddable":true,"href":"http:\/\/mspontocom.com.br\/site\/wp-json\/wp\/v2\/media\/191566"}],"wp:attachment":[{"href":"http:\/\/mspontocom.com.br\/site\/wp-json\/wp\/v2\/media?parent=191563"}],"wp:term":[{"taxonomy":"category","embeddable":true,"href":"http:\/\/mspontocom.com.br\/site\/wp-json\/wp\/v2\/categories?post=191563"},{"taxonomy":"post_tag","embeddable":true,"href":"http:\/\/mspontocom.com.br\/site\/wp-json\/wp\/v2\/tags?post=191563"}],"curies":[{"name":"wp","href":"https:\/\/api.w.org\/{rel}","templated":true}]}}