{"id":191617,"date":"2024-06-18T06:43:31","date_gmt":"2024-06-18T10:43:31","guid":{"rendered":"https:\/\/mspontocom.com.br\/site\/?p=191617"},"modified":"2024-06-18T06:43:31","modified_gmt":"2024-06-18T10:43:31","slug":"pf-so-se-interessa-em-investigar-criticos-do-governo-diz-moro","status":"publish","type":"post","link":"http:\/\/mspontocom.com.br\/site\/pf-so-se-interessa-em-investigar-criticos-do-governo-diz-moro\/","title":{"rendered":"PF s\u00f3 se interessa em investigar cr\u00edticos do governo, diz Moro"},"content":{"rendered":"<p style=\"text-align: justify;\"><img loading=\"lazy\" class=\"alignnone size-full wp-image-191618\" src=\"https:\/\/mspontocom.com.br\/site\/wp-content\/uploads\/2024\/06\/site-pf-esta-mais-interessada-em-investigar-a-oposicao-diz-moro-moro-lula.jpg\" alt=\"\" width=\"750\" height=\"500\" srcset=\"http:\/\/mspontocom.com.br\/site\/wp-content\/uploads\/2024\/06\/site-pf-esta-mais-interessada-em-investigar-a-oposicao-diz-moro-moro-lula.jpg 750w, http:\/\/mspontocom.com.br\/site\/wp-content\/uploads\/2024\/06\/site-pf-esta-mais-interessada-em-investigar-a-oposicao-diz-moro-moro-lula-260x173.jpg 260w\" sizes=\"(max-width: 750px) 100vw, 750px\" \/>O senador e ex-juiz da Lava Jato<strong> Sergio Moro<\/strong>\u00a0 criticou\u00a0 o governo <strong>Lula<\/strong> por, segundo ele, n\u00e3o ter uma pol\u00edtica de seguran\u00e7a p\u00fablica.<\/p>\n<p style=\"text-align: justify;\">Segundo o ex-juiz, a PF (Pol\u00edcia Federal) <strong>est\u00e1 mais interessada em investigar os \u201ccr\u00edticos ao governo\u201d<\/strong> e, por isso, \u201cfaltam recursos para investigar o crime organizado\u201d.<\/p>\n<p>Em entrevista ao programa \u201cDireto ao Ponto\u201d, da Jovem Pan News, Moro afirmou que a \u00fanica iniciativa debatida pelo governo \u00e9 o uso de c\u00e2meras corporais por policiais.<\/p>\n<p style=\"text-align: justify;\">Para o senador, a medida \u00e9\u00a0 \u201cinsuficiente\u201d.<\/p>\n<p style=\"text-align: justify;\"><em>\u201cS\u00f3 vemos um debate sobre c\u00e2meras que \u00e9 v\u00e1lido, mas n\u00e3o pode resumir seguran\u00e7a p\u00fablica a isso. Quando assumi [o Minist\u00e9rio da Justi\u00e7a e Seguran\u00e7a P\u00fablica] falei: \u2018Vamos combater o crime organizado\u2019. Tem jeito de combater o crime? Tem, mas tem que ter estrat\u00e9gia\u201d,<\/em> declarou.<\/p>\n<p>fonte: Poder 360<\/p>\n<p style=\"text-align: justify;\">Veja mais not\u00edcias em: <a href=\"http:\/\/www.mspontocom.com.br\">www.mspontocom.com.br<\/a><\/p>\n<p style=\"text-align: justify;\">Nosso X (Twitter) @mspontocom<\/p>\n","protected":false},"excerpt":{"rendered":"<p>O senador e ex-juiz da Lava Jato Sergio Moro\u00a0 criticou\u00a0 o governo Lula por, segundo ele, n\u00e3o ter uma pol\u00edtica de seguran\u00e7a p\u00fablica. Segundo o ex-juiz, a PF (Pol\u00edcia Federal) est\u00e1 mais interessada em investigar os \u201ccr\u00edticos ao governo\u201d e, por isso, \u201cfaltam recursos para investigar o crime organizado\u201d. Em entrevista ao programa \u201cDireto ao [&hellip;]<\/p>\n","protected":false},"author":2,"featured_media":191618,"comment_status":"open","ping_status":"open","sticky":false,"template":"","format":"standard","meta":{"_monsterinsights_skip_tracking":false,"_monsterinsights_sitenote_active":false,"_monsterinsights_sitenote_note":"","_monsterinsights_sitenote_category":0},"categories":[2528,12],"tags":[41429,41428,24923,23158,4100],"aioseo_notices":[],"_links":{"self":[{"href":"http:\/\/mspontocom.com.br\/site\/wp-json\/wp\/v2\/posts\/191617"}],"collection":[{"href":"http:\/\/mspontocom.com.br\/site\/wp-json\/wp\/v2\/posts"}],"about":[{"href":"http:\/\/mspontocom.com.br\/site\/wp-json\/wp\/v2\/types\/post"}],"author":[{"embeddable":true,"href":"http:\/\/mspontocom.com.br\/site\/wp-json\/wp\/v2\/users\/2"}],"replies":[{"embeddable":true,"href":"http:\/\/mspontocom.com.br\/site\/wp-json\/wp\/v2\/comments?post=191617"}],"version-history":[{"count":1,"href":"http:\/\/mspontocom.com.br\/site\/wp-json\/wp\/v2\/posts\/191617\/revisions"}],"predecessor-version":[{"id":191619,"href":"http:\/\/mspontocom.com.br\/site\/wp-json\/wp\/v2\/posts\/191617\/revisions\/191619"}],"wp:featuredmedia":[{"embeddable":true,"href":"http:\/\/mspontocom.com.br\/site\/wp-json\/wp\/v2\/media\/191618"}],"wp:attachment":[{"href":"http:\/\/mspontocom.com.br\/site\/wp-json\/wp\/v2\/media?parent=191617"}],"wp:term":[{"taxonomy":"category","embeddable":true,"href":"http:\/\/mspontocom.com.br\/site\/wp-json\/wp\/v2\/categories?post=191617"},{"taxonomy":"post_tag","embeddable":true,"href":"http:\/\/mspontocom.com.br\/site\/wp-json\/wp\/v2\/tags?post=191617"}],"curies":[{"name":"wp","href":"https:\/\/api.w.org\/{rel}","templated":true}]}}