{"id":191629,"date":"2024-06-19T06:00:54","date_gmt":"2024-06-19T10:00:54","guid":{"rendered":"https:\/\/mspontocom.com.br\/site\/?p=191629"},"modified":"2024-06-19T06:00:54","modified_gmt":"2024-06-19T10:00:54","slug":"nikolas-ferreira-ministro-alexandre-voce-e-um-covarde","status":"publish","type":"post","link":"http:\/\/mspontocom.com.br\/site\/nikolas-ferreira-ministro-alexandre-voce-e-um-covarde\/","title":{"rendered":"Nikolas Ferreira: \u201cMinistro Alexandre, voc\u00ea \u00e9 um covarde\u201d"},"content":{"rendered":"<p style=\"text-align: justify;\"><img loading=\"lazy\" class=\"alignnone size-full wp-image-191642\" src=\"https:\/\/mspontocom.com.br\/site\/wp-content\/uploads\/2024\/06\/site-nikolas-ferreira-ministro-alexandre-voce-e-um-covarde-montagem-ferreira-e-moraes.jpeg\" alt=\"\" width=\"1200\" height=\"800\" srcset=\"http:\/\/mspontocom.com.br\/site\/wp-content\/uploads\/2024\/06\/site-nikolas-ferreira-ministro-alexandre-voce-e-um-covarde-montagem-ferreira-e-moraes.jpeg 1200w, http:\/\/mspontocom.com.br\/site\/wp-content\/uploads\/2024\/06\/site-nikolas-ferreira-ministro-alexandre-voce-e-um-covarde-montagem-ferreira-e-moraes-260x173.jpeg 260w, http:\/\/mspontocom.com.br\/site\/wp-content\/uploads\/2024\/06\/site-nikolas-ferreira-ministro-alexandre-voce-e-um-covarde-montagem-ferreira-e-moraes-1024x683.jpeg 1024w, http:\/\/mspontocom.com.br\/site\/wp-content\/uploads\/2024\/06\/site-nikolas-ferreira-ministro-alexandre-voce-e-um-covarde-montagem-ferreira-e-moraes-768x512.jpeg 768w\" sizes=\"(max-width: 1200px) 100vw, 1200px\" \/>O deputado federal <strong>Nikolas Ferreira<\/strong> (PL-MG) utilizou suas redes sociais para expressar cr\u00edticas ao ministro do STF, <strong>Alexandre de Moraes<\/strong>, pela manuten\u00e7\u00e3o da pris\u00e3o de<strong> Filipe Martins<\/strong>, ex-assessor internacional da Presid\u00eancia da Rep\u00fablica durante o governo de <strong>Jair Bolsonaro.<\/strong><\/p>\n<p style=\"text-align: justify;\">Por ordem de Moraes, o ex-assessor est\u00e1 preso sob alega\u00e7\u00f5es de ter feito uma viagem para os Estados Unidos em dezembro de 2022.<\/p>\n<p style=\"text-align: justify;\">Nikolas declarou em seu perfil na rede social X que \u201cFilipe est\u00e1 literalmente preso por persegui\u00e7\u00e3o pol\u00edtica.<\/p>\n<p style=\"text-align: justify;\"><span style=\"font-size: 14pt;\"><em>&#8220;Ministro Alexandre, voc\u00ea \u00e9 um covarde\u201d,<\/em><\/span>\u00a0escreveu Nikolas.<\/p>\n<p style=\"text-align: justify;\">Ele fez essa afirma\u00e7\u00e3o ao compartilhar uma mat\u00e9ria do jornal norte-americano, Daily Wire, <strong>que destacou as inconsist\u00eancias<\/strong> do STF no caso.<\/p>\n<p style=\"text-align: justify;\">Filipe se encontra no Complexo-M\u00e9dico Penal de Pinhais (PR), onde o diretor, Edwaldo Willis de Carvalho, tem filia\u00e7\u00e3o com o Partido dos Trabalhadores (PT).<\/p>\n<p style=\"text-align: justify;\">fonte: Folha Destra<\/p>\n<p style=\"text-align: justify;\">Veja mais not\u00edcias em: <a href=\"http:\/\/www.mspontocom.com.br\">www.mspontocom.com.br<\/a><\/p>\n<p style=\"text-align: justify;\">Nosso X (Twitter) @mspontocom<\/p>\n","protected":false},"excerpt":{"rendered":"<p>O deputado federal Nikolas Ferreira (PL-MG) utilizou suas redes sociais para expressar cr\u00edticas ao ministro do STF, Alexandre de Moraes, pela manuten\u00e7\u00e3o da pris\u00e3o de Filipe Martins, ex-assessor internacional da Presid\u00eancia da Rep\u00fablica durante o governo de Jair Bolsonaro. Por ordem de Moraes, o ex-assessor est\u00e1 preso sob alega\u00e7\u00f5es de ter feito uma viagem para [&hellip;]<\/p>\n","protected":false},"author":2,"featured_media":191642,"comment_status":"open","ping_status":"open","sticky":false,"template":"","format":"standard","meta":{"_monsterinsights_skip_tracking":false,"_monsterinsights_sitenote_active":false,"_monsterinsights_sitenote_note":"","_monsterinsights_sitenote_category":0},"categories":[6,30260,2528,30259,12],"tags":[36697,41431,39290],"aioseo_notices":[],"_links":{"self":[{"href":"http:\/\/mspontocom.com.br\/site\/wp-json\/wp\/v2\/posts\/191629"}],"collection":[{"href":"http:\/\/mspontocom.com.br\/site\/wp-json\/wp\/v2\/posts"}],"about":[{"href":"http:\/\/mspontocom.com.br\/site\/wp-json\/wp\/v2\/types\/post"}],"author":[{"embeddable":true,"href":"http:\/\/mspontocom.com.br\/site\/wp-json\/wp\/v2\/users\/2"}],"replies":[{"embeddable":true,"href":"http:\/\/mspontocom.com.br\/site\/wp-json\/wp\/v2\/comments?post=191629"}],"version-history":[{"count":2,"href":"http:\/\/mspontocom.com.br\/site\/wp-json\/wp\/v2\/posts\/191629\/revisions"}],"predecessor-version":[{"id":191643,"href":"http:\/\/mspontocom.com.br\/site\/wp-json\/wp\/v2\/posts\/191629\/revisions\/191643"}],"wp:featuredmedia":[{"embeddable":true,"href":"http:\/\/mspontocom.com.br\/site\/wp-json\/wp\/v2\/media\/191642"}],"wp:attachment":[{"href":"http:\/\/mspontocom.com.br\/site\/wp-json\/wp\/v2\/media?parent=191629"}],"wp:term":[{"taxonomy":"category","embeddable":true,"href":"http:\/\/mspontocom.com.br\/site\/wp-json\/wp\/v2\/categories?post=191629"},{"taxonomy":"post_tag","embeddable":true,"href":"http:\/\/mspontocom.com.br\/site\/wp-json\/wp\/v2\/tags?post=191629"}],"curies":[{"name":"wp","href":"https:\/\/api.w.org\/{rel}","templated":true}]}}