{"id":191702,"date":"2024-06-22T07:30:48","date_gmt":"2024-06-22T11:30:48","guid":{"rendered":"https:\/\/mspontocom.com.br\/site\/?p=191702"},"modified":"2024-06-22T07:30:48","modified_gmt":"2024-06-22T11:30:48","slug":"eua-interpela-moraes-sobre-violacao-de-direitos-humanos","status":"publish","type":"post","link":"http:\/\/mspontocom.com.br\/site\/eua-interpela-moraes-sobre-violacao-de-direitos-humanos\/","title":{"rendered":"EUA interpela Moraes sobre viola\u00e7\u00e3o de direitos humanos"},"content":{"rendered":"<p style=\"text-align: justify;\"><img loading=\"lazy\" class=\"alignnone size-full wp-image-191713\" src=\"https:\/\/mspontocom.com.br\/site\/wp-content\/uploads\/2024\/06\/site-eua-interpela-moraes-sobre-denuncia-de-violacao-de-direitos-humanos-eua-moraes.jpeg\" alt=\"\" width=\"960\" height=\"640\" srcset=\"http:\/\/mspontocom.com.br\/site\/wp-content\/uploads\/2024\/06\/site-eua-interpela-moraes-sobre-denuncia-de-violacao-de-direitos-humanos-eua-moraes.jpeg 960w, http:\/\/mspontocom.com.br\/site\/wp-content\/uploads\/2024\/06\/site-eua-interpela-moraes-sobre-denuncia-de-violacao-de-direitos-humanos-eua-moraes-260x173.jpeg 260w, http:\/\/mspontocom.com.br\/site\/wp-content\/uploads\/2024\/06\/site-eua-interpela-moraes-sobre-denuncia-de-violacao-de-direitos-humanos-eua-moraes-768x512.jpeg 768w\" sizes=\"(max-width: 960px) 100vw, 960px\" \/>O Congresso dos Estados Unidos deu um prazo de dez dias para o ministro do STF, Alexandre de Moraes, responder questionamentos sobre supostas viola\u00e7\u00f5es de direitos humanos no Brasil.<\/p>\n<p style=\"text-align: justify;\">A a\u00e7\u00e3o foi movida por meio de um documento assinado pelo congressista Christopher H. Smith, presidente da Subcomiss\u00e3o de Sa\u00fade Global, Direitos Humanos Globais e Organiza\u00e7\u00f5es Internacionais.<\/p>\n<p style=\"text-align: justify;\">No documento, Smith solicita esclarecimentos do ministro sobre uma s\u00e9rie de quest\u00f5es, <strong>incluindo censura pr\u00e9via, restri\u00e7\u00f5es a jornalistas e m\u00eddia, persegui\u00e7\u00e3o a parlamentares e poss\u00edveis viola\u00e7\u00f5es de devido processo legal.<\/strong><\/p>\n<p style=\"text-align: justify;\">O parlamentar tamb\u00e9m questiona se houve a\u00e7\u00f5es contra indiv\u00edduos ou empresas fora da jurisdi\u00e7\u00e3o brasileira, especialmente nos Estados Unidos.<\/p>\n<p style=\"text-align: justify;\">O documento tamb\u00e9m foi enviado a outras autoridades brasileiras, incluindo o presidente do Senado Federal, Rodrigo Pacheco (PSD-MG), o presidente da C\u00e2mara dos Deputados, Arthur Lira (PP-AL), o presidente do Supremo Tribunal Federal, ministro Lu\u00eds Roberto Barroso e a presidente do Tribunal Superior Eleitoral (TSE), ministra C\u00e1rmen L\u00facia.<\/p>\n<p style=\"text-align: justify;\"><strong>VEJA O DOCUMENTO<\/strong><\/p>\n<p style=\"text-align: justify;\">\n<p><img loading=\"lazy\" class=\"alignnone size-full wp-image-191703\" src=\"https:\/\/mspontocom.com.br\/site\/wp-content\/uploads\/2024\/06\/site-eua-moraes.jpeg\" alt=\"\" width=\"960\" height=\"640\" srcset=\"http:\/\/mspontocom.com.br\/site\/wp-content\/uploads\/2024\/06\/site-eua-moraes.jpeg 960w, http:\/\/mspontocom.com.br\/site\/wp-content\/uploads\/2024\/06\/site-eua-moraes-260x173.jpeg 260w, http:\/\/mspontocom.com.br\/site\/wp-content\/uploads\/2024\/06\/site-eua-moraes-768x512.jpeg 768w\" sizes=\"(max-width: 960px) 100vw, 960px\" \/><\/p>\n","protected":false},"excerpt":{"rendered":"<p>O Congresso dos Estados Unidos deu um prazo de dez dias para o ministro do STF, Alexandre de Moraes, responder questionamentos sobre supostas viola\u00e7\u00f5es de direitos humanos no Brasil. A a\u00e7\u00e3o foi movida por meio de um documento assinado pelo congressista Christopher H. Smith, presidente da Subcomiss\u00e3o de Sa\u00fade Global, Direitos Humanos Globais e Organiza\u00e7\u00f5es [&hellip;]<\/p>\n","protected":false},"author":2,"featured_media":191713,"comment_status":"open","ping_status":"open","sticky":false,"template":"","format":"standard","meta":{"_monsterinsights_skip_tracking":false,"_monsterinsights_sitenote_active":false,"_monsterinsights_sitenote_note":"","_monsterinsights_sitenote_category":0},"categories":[30260,2528,30259,12],"tags":[1539,35247,41445],"aioseo_notices":[],"_links":{"self":[{"href":"http:\/\/mspontocom.com.br\/site\/wp-json\/wp\/v2\/posts\/191702"}],"collection":[{"href":"http:\/\/mspontocom.com.br\/site\/wp-json\/wp\/v2\/posts"}],"about":[{"href":"http:\/\/mspontocom.com.br\/site\/wp-json\/wp\/v2\/types\/post"}],"author":[{"embeddable":true,"href":"http:\/\/mspontocom.com.br\/site\/wp-json\/wp\/v2\/users\/2"}],"replies":[{"embeddable":true,"href":"http:\/\/mspontocom.com.br\/site\/wp-json\/wp\/v2\/comments?post=191702"}],"version-history":[{"count":2,"href":"http:\/\/mspontocom.com.br\/site\/wp-json\/wp\/v2\/posts\/191702\/revisions"}],"predecessor-version":[{"id":191714,"href":"http:\/\/mspontocom.com.br\/site\/wp-json\/wp\/v2\/posts\/191702\/revisions\/191714"}],"wp:featuredmedia":[{"embeddable":true,"href":"http:\/\/mspontocom.com.br\/site\/wp-json\/wp\/v2\/media\/191713"}],"wp:attachment":[{"href":"http:\/\/mspontocom.com.br\/site\/wp-json\/wp\/v2\/media?parent=191702"}],"wp:term":[{"taxonomy":"category","embeddable":true,"href":"http:\/\/mspontocom.com.br\/site\/wp-json\/wp\/v2\/categories?post=191702"},{"taxonomy":"post_tag","embeddable":true,"href":"http:\/\/mspontocom.com.br\/site\/wp-json\/wp\/v2\/tags?post=191702"}],"curies":[{"name":"wp","href":"https:\/\/api.w.org\/{rel}","templated":true}]}}