{"id":191723,"date":"2024-06-24T06:48:39","date_gmt":"2024-06-24T10:48:39","guid":{"rendered":"https:\/\/mspontocom.com.br\/site\/?p=191723"},"modified":"2024-06-24T06:48:39","modified_gmt":"2024-06-24T10:48:39","slug":"promiscuidade-ministros-de-lula-vao-ao-gilmarpalooza-veja-quem-sao","status":"publish","type":"post","link":"http:\/\/mspontocom.com.br\/site\/promiscuidade-ministros-de-lula-vao-ao-gilmarpalooza-veja-quem-sao\/","title":{"rendered":"Promiscuidade: Ministros de Lula v\u00e3o ao \u2018Gilmarpalooza\u2019, veja quem s\u00e3o"},"content":{"rendered":"<p class=\"styles__ParagraphStyled-sc-6adecn-0 lcTbYw \" style=\"text-align: justify;\"><img loading=\"lazy\" class=\"alignnone size-full wp-image-191735\" src=\"https:\/\/mspontocom.com.br\/site\/wp-content\/uploads\/2024\/06\/site-promiscuidade-ministros-de-lula-vao-ao-gilmarpalooza-veja-quem-sao-gilmar.jpg\" alt=\"\" width=\"900\" height=\"573\" srcset=\"http:\/\/mspontocom.com.br\/site\/wp-content\/uploads\/2024\/06\/site-promiscuidade-ministros-de-lula-vao-ao-gilmarpalooza-veja-quem-sao-gilmar.jpg 900w, http:\/\/mspontocom.com.br\/site\/wp-content\/uploads\/2024\/06\/site-promiscuidade-ministros-de-lula-vao-ao-gilmarpalooza-veja-quem-sao-gilmar-260x166.jpg 260w, http:\/\/mspontocom.com.br\/site\/wp-content\/uploads\/2024\/06\/site-promiscuidade-ministros-de-lula-vao-ao-gilmarpalooza-veja-quem-sao-gilmar-768x489.jpg 768w\" sizes=\"(max-width: 900px) 100vw, 900px\" \/>Quatro ministros do governo do presidente Lula confirmaram ao Estad\u00e3o que v\u00e3o participar do 12\u00ba F\u00f3rum Jur\u00eddico de Lisboa, evento conhecido como <a href=\"https:\/\/www.estadao.com.br\/politica\/o-que-e-o-gilmarpalooza-evento-juridico-realizado-por-gilmar-mendes-em-portugal\/\" target=\"_blank\" rel=\"noopener\">evento conhecido como \u201cGilmarpalooza\u201d <\/a> promovido anualmente pelo atual decano do STF, o ministro Gilmar Mendes.<\/p>\n<p class=\"styles__ParagraphStyled-sc-6adecn-0 lcTbYw \" style=\"text-align: justify;\">V\u00e3o os ministros Jorge Messias \u00a0(Advocacia-Geral da Uni\u00e3o), Anielle Franco (Igualdade Racial), Vin\u00edcius Carvalho (Controladoria-Geral da Uni\u00e3o) e Luciana Santos (Ci\u00eancia e Tegnologia) e Alexandre Vieira (Minas e Energia) <strong>todos usando o dinheiro do contribuinte.<\/strong><\/p>\n<p style=\"text-align: justify;\">O f\u00f3rum jur\u00eddico vai ocorrer nos dias 27, 28 e 29 deste m\u00eas, na Faculdade de Direito da Universidade de Lisboa (FDUL).<\/p>\n<p style=\"text-align: justify;\">O evento \u00e9 organizado pelo Instituto Brasileiro de Ensino, Desenvolvimento e Pesquisa (IDP), e pela Funda\u00e7\u00e3o Get\u00falio Vargas (FGV).<\/p>\n<p style=\"text-align: justify;\"><strong>\u00a0Mendes \u00e9 s\u00f3cio e professor do IDP.<\/strong><\/p>\n<p style=\"text-align: justify;\">Tradicional entre as principais autoridades do Pa\u00eds, o Gilmarpalooza re\u00fane anualmente membros dos Tr\u00eas Poderes, advogados e<strong> lobistas.<\/strong><\/p>\n<p style=\"text-align: justify;\">Veja mais not\u00edcias em: <a href=\"http:\/\/www.mspontocom.com.br\">www.mspontocom.com.br<\/a><\/p>\n<p style=\"text-align: justify;\">Nosso X (Twitter) @mspontocom<\/p>\n","protected":false},"excerpt":{"rendered":"<p>Quatro ministros do governo do presidente Lula confirmaram ao Estad\u00e3o que v\u00e3o participar do 12\u00ba F\u00f3rum Jur\u00eddico de Lisboa, evento conhecido como evento conhecido como \u201cGilmarpalooza\u201d promovido anualmente pelo atual decano do STF, o ministro Gilmar Mendes. V\u00e3o os ministros Jorge Messias \u00a0(Advocacia-Geral da Uni\u00e3o), Anielle Franco (Igualdade Racial), Vin\u00edcius Carvalho (Controladoria-Geral da Uni\u00e3o) e [&hellip;]<\/p>\n","protected":false},"author":2,"featured_media":191735,"comment_status":"open","ping_status":"open","sticky":false,"template":"","format":"standard","meta":{"_monsterinsights_skip_tracking":false,"_monsterinsights_sitenote_active":false,"_monsterinsights_sitenote_note":"","_monsterinsights_sitenote_category":0},"categories":[2528,12],"tags":[41452,480,587,41451],"aioseo_notices":[],"_links":{"self":[{"href":"http:\/\/mspontocom.com.br\/site\/wp-json\/wp\/v2\/posts\/191723"}],"collection":[{"href":"http:\/\/mspontocom.com.br\/site\/wp-json\/wp\/v2\/posts"}],"about":[{"href":"http:\/\/mspontocom.com.br\/site\/wp-json\/wp\/v2\/types\/post"}],"author":[{"embeddable":true,"href":"http:\/\/mspontocom.com.br\/site\/wp-json\/wp\/v2\/users\/2"}],"replies":[{"embeddable":true,"href":"http:\/\/mspontocom.com.br\/site\/wp-json\/wp\/v2\/comments?post=191723"}],"version-history":[{"count":2,"href":"http:\/\/mspontocom.com.br\/site\/wp-json\/wp\/v2\/posts\/191723\/revisions"}],"predecessor-version":[{"id":191736,"href":"http:\/\/mspontocom.com.br\/site\/wp-json\/wp\/v2\/posts\/191723\/revisions\/191736"}],"wp:featuredmedia":[{"embeddable":true,"href":"http:\/\/mspontocom.com.br\/site\/wp-json\/wp\/v2\/media\/191735"}],"wp:attachment":[{"href":"http:\/\/mspontocom.com.br\/site\/wp-json\/wp\/v2\/media?parent=191723"}],"wp:term":[{"taxonomy":"category","embeddable":true,"href":"http:\/\/mspontocom.com.br\/site\/wp-json\/wp\/v2\/categories?post=191723"},{"taxonomy":"post_tag","embeddable":true,"href":"http:\/\/mspontocom.com.br\/site\/wp-json\/wp\/v2\/tags?post=191723"}],"curies":[{"name":"wp","href":"https:\/\/api.w.org\/{rel}","templated":true}]}}