{"id":191791,"date":"2024-06-26T05:55:07","date_gmt":"2024-06-26T09:55:07","guid":{"rendered":"https:\/\/mspontocom.com.br\/site\/?p=191791"},"modified":"2024-06-26T05:55:07","modified_gmt":"2024-06-26T09:55:07","slug":"moro-diz-que-brasil-nao-sabera-distinguir-usuario-de-traficante","status":"publish","type":"post","link":"http:\/\/mspontocom.com.br\/site\/moro-diz-que-brasil-nao-sabera-distinguir-usuario-de-traficante\/","title":{"rendered":"Moro diz que Brasil n\u00e3o saber\u00e1 distinguir usu\u00e1rio de traficante"},"content":{"rendered":"<p style=\"text-align: justify;\"><img loading=\"lazy\" class=\"alignnone size-full wp-image-191792\" src=\"https:\/\/mspontocom.com.br\/site\/wp-content\/uploads\/2024\/06\/site-moro-diz-que-brasil-nao-sabera-distinguir-usuario-de-traficante-amaconha-moro-e1719395600885.jpg\" alt=\"\" width=\"628\" height=\"360\" srcset=\"http:\/\/mspontocom.com.br\/site\/wp-content\/uploads\/2024\/06\/site-moro-diz-que-brasil-nao-sabera-distinguir-usuario-de-traficante-amaconha-moro-e1719395600885.jpg 628w, http:\/\/mspontocom.com.br\/site\/wp-content\/uploads\/2024\/06\/site-moro-diz-que-brasil-nao-sabera-distinguir-usuario-de-traficante-amaconha-moro-e1719395600885-260x149.jpg 260w\" sizes=\"(max-width: 628px) 100vw, 628px\" \/>O STF\u00a0 descriminalizou do porte de drogas para consumo pr\u00f3prio.<\/p>\n<p style=\"text-align: justify;\">Senadores e especialistas foram un\u00e2nimes em defender que o Congresso Nacional \u00e9 o \u00fanico Poder respons\u00e1vel e leg\u00edtimo para promover mudan\u00e7as na Lei de Drogas no Brasil.<\/p>\n<p style=\"text-align: justify;\">O senador <strong>Sergio Moro<\/strong> foi enf\u00e1tico:<\/p>\n<p style=\"text-align: justify;\"><span style=\"font-size: 14pt;\"><em>&#8220;Descriminaliza\u00e7\u00e3o do uso de drogas &#8211; que sou contra &#8211; \u00e9 mat\u00e9ria que cabe ao Legislativo, atrav\u00e9s dos representantes eleitos pelo povo e n\u00e3o do Judici\u00e1rio. Urge vot\u00e1-la na casa diante da decis\u00e3o de hoje tomada pela maioria do STF&#8221;.<\/em><\/span><\/p>\n<p style=\"text-align: justify;\">Ele disse que atualmente o tr\u00e1fico se constitui em uma cadeia muito organizada que consegue se adaptar a essas altera\u00e7\u00f5es, como a que vem sendo ventilada pelo STF.<\/p>\n<p style=\"text-align: justify;\">Moro defendeu que outros ind\u00edcios sejam levados<span class=\"Apple-converted-space\">\u00a0 <\/span>em considera\u00e7\u00e3o para diferenciar traficante e consumidor, al\u00e9m do crit\u00e9rio de quantidade de droga para o porte. <span class=\"Apple-converted-space\">\u00a0<\/span><\/p>\n<p style=\"text-align: justify;\">\u2014 <em><span style=\"font-size: 14pt;\">Quando se estabelece um par\u00e2metro absoluto: &#8220;Olhe, abaixo de 60 gramas vai ser consumidor, acima pode ser traficante&#8221;, \u00e9 um grande risco das opera\u00e7\u00f5es serem estruturadas no varejo, no distribuidor pequeno dessa maneira, para evitar responsabiliza\u00e7\u00e3o.\u00a0Ser\u00e1 que \u00e9 s\u00e1bio estabelecer um par\u00e2metro fixo?<\/span><\/em><\/p>\n<p style=\"text-align: justify;\">Veja mais not\u00edcias em: <a href=\"http:\/\/www.mspontocom.com.br\">www.mspontocom.com.br<\/a><\/p>\n<p style=\"text-align: justify;\">Nosso X (Twitter) @mspontocom<\/p>\n","protected":false},"excerpt":{"rendered":"<p>O STF\u00a0 descriminalizou do porte de drogas para consumo pr\u00f3prio. Senadores e especialistas foram un\u00e2nimes em defender que o Congresso Nacional \u00e9 o \u00fanico Poder respons\u00e1vel e leg\u00edtimo para promover mudan\u00e7as na Lei de Drogas no Brasil. O senador Sergio Moro foi enf\u00e1tico: &#8220;Descriminaliza\u00e7\u00e3o do uso de drogas &#8211; que sou contra &#8211; \u00e9 mat\u00e9ria [&hellip;]<\/p>\n","protected":false},"author":2,"featured_media":191792,"comment_status":"open","ping_status":"open","sticky":false,"template":"","format":"standard","meta":{"_monsterinsights_skip_tracking":false,"_monsterinsights_sitenote_active":false,"_monsterinsights_sitenote_note":"","_monsterinsights_sitenote_category":0},"categories":[2528],"tags":[30254,41463,23158,41464,30650],"aioseo_notices":[],"_links":{"self":[{"href":"http:\/\/mspontocom.com.br\/site\/wp-json\/wp\/v2\/posts\/191791"}],"collection":[{"href":"http:\/\/mspontocom.com.br\/site\/wp-json\/wp\/v2\/posts"}],"about":[{"href":"http:\/\/mspontocom.com.br\/site\/wp-json\/wp\/v2\/types\/post"}],"author":[{"embeddable":true,"href":"http:\/\/mspontocom.com.br\/site\/wp-json\/wp\/v2\/users\/2"}],"replies":[{"embeddable":true,"href":"http:\/\/mspontocom.com.br\/site\/wp-json\/wp\/v2\/comments?post=191791"}],"version-history":[{"count":1,"href":"http:\/\/mspontocom.com.br\/site\/wp-json\/wp\/v2\/posts\/191791\/revisions"}],"predecessor-version":[{"id":191793,"href":"http:\/\/mspontocom.com.br\/site\/wp-json\/wp\/v2\/posts\/191791\/revisions\/191793"}],"wp:featuredmedia":[{"embeddable":true,"href":"http:\/\/mspontocom.com.br\/site\/wp-json\/wp\/v2\/media\/191792"}],"wp:attachment":[{"href":"http:\/\/mspontocom.com.br\/site\/wp-json\/wp\/v2\/media?parent=191791"}],"wp:term":[{"taxonomy":"category","embeddable":true,"href":"http:\/\/mspontocom.com.br\/site\/wp-json\/wp\/v2\/categories?post=191791"},{"taxonomy":"post_tag","embeddable":true,"href":"http:\/\/mspontocom.com.br\/site\/wp-json\/wp\/v2\/tags?post=191791"}],"curies":[{"name":"wp","href":"https:\/\/api.w.org\/{rel}","templated":true}]}}