{"id":191822,"date":"2024-06-27T07:34:11","date_gmt":"2024-06-27T11:34:11","guid":{"rendered":"https:\/\/mspontocom.com.br\/site\/?p=191822"},"modified":"2024-06-27T07:34:11","modified_gmt":"2024-06-27T11:34:11","slug":"promiscuo-gilmarpalooza-reune-12-empresas-com-processos-no-stf","status":"publish","type":"post","link":"http:\/\/mspontocom.com.br\/site\/promiscuo-gilmarpalooza-reune-12-empresas-com-processos-no-stf\/","title":{"rendered":"Prom\u00edscuo, \u2018Gilmarpalooza\u2019 re\u00fane 12 empresas com processos no STF"},"content":{"rendered":"<p class=\"styles__ParagraphStyled-sc-6adecn-0 lcTbYw \" style=\"text-align: justify;\"><img loading=\"lazy\" class=\"alignnone size-full wp-image-191833\" src=\"https:\/\/mspontocom.com.br\/site\/wp-content\/uploads\/2024\/06\/site-promiscuo-gilmarpalooza-reune-12-empresas-com-processos-no-stf-gilmarpalooza.jpg\" alt=\"\" width=\"1280\" height=\"720\" srcset=\"http:\/\/mspontocom.com.br\/site\/wp-content\/uploads\/2024\/06\/site-promiscuo-gilmarpalooza-reune-12-empresas-com-processos-no-stf-gilmarpalooza.jpg 1280w, http:\/\/mspontocom.com.br\/site\/wp-content\/uploads\/2024\/06\/site-promiscuo-gilmarpalooza-reune-12-empresas-com-processos-no-stf-gilmarpalooza-260x146.jpg 260w, http:\/\/mspontocom.com.br\/site\/wp-content\/uploads\/2024\/06\/site-promiscuo-gilmarpalooza-reune-12-empresas-com-processos-no-stf-gilmarpalooza-1024x576.jpg 1024w, http:\/\/mspontocom.com.br\/site\/wp-content\/uploads\/2024\/06\/site-promiscuo-gilmarpalooza-reune-12-empresas-com-processos-no-stf-gilmarpalooza-768x432.jpg 768w\" sizes=\"(max-width: 1280px) 100vw, 1280px\" \/>S\u00f3cios, diretores e presidentes de 12 empresas com a\u00e7\u00f5es no STF participam como palestrantes da edi\u00e7\u00e3o do F\u00f3rum Jur\u00eddico de Lisboa, evento que \u00e9 organizado pela faculdade do ministro Gilmar Mendes.<\/p>\n<p class=\"styles__ParagraphStyled-sc-6adecn-0 lcTbYw \" style=\"text-align: justify;\"><strong>\u00a0Algumas dessas a\u00e7\u00f5es s\u00e3o relatadas pelo pr\u00f3prio magistrado.<\/strong><\/p>\n<p class=\"styles__ParagraphStyled-sc-6adecn-0 lcTbYw \" style=\"text-align: justify;\">A Suprema Corte afirmou n\u00e3o haver conflito de interesses na situa\u00e7\u00e3o, disse que os ministros conversam com v\u00e1rios setores da sociedade e afirmou que eles compartilham conhecimento com o p\u00fablico ao participarem do evento.<\/p>\n<p class=\"styles__ParagraphStyled-sc-6adecn-0 lcTbYw \" style=\"text-align: justify;\">Seis ministros do STF, incluindo o anfitri\u00e3o Gilmar Mendes, viajaram a Lisboa para o F\u00f3rum.<\/p>\n<p style=\"text-align: justify;\">A programa\u00e7\u00e3o, que vai at\u00e9 sexta, 28, conta com palestras de magistrados, empres\u00e1rios, parlamentares, ministros do governo Lula, governadores e advogados, sob o pretexto de discutir as transforma\u00e7\u00f5es jur\u00eddicas do Pa\u00eds.<\/p>\n<p style=\"text-align: justify;\">Al\u00e9m de Gilmar Mendes, estar\u00e3o presentes os ministros Lu\u00eds Roberto Barroso, Alexandre de Moraes, Cristiano Zanin, Fl\u00e1vio Dino e Dias Toffoli.<\/p>\n<p style=\"text-align: justify;\">Veja mais not\u00edcias em: <a href=\"http:\/\/www.mspontocom.com.br\">www.mspontocom.com.br<\/a><\/p>\n<p style=\"text-align: justify;\">Nosso X (Twitter) @mspontocom<\/p>\n<p>foto:Revista Oeste<\/p>\n","protected":false},"excerpt":{"rendered":"<p>S\u00f3cios, diretores e presidentes de 12 empresas com a\u00e7\u00f5es no STF participam como palestrantes da edi\u00e7\u00e3o do F\u00f3rum Jur\u00eddico de Lisboa, evento que \u00e9 organizado pela faculdade do ministro Gilmar Mendes. \u00a0Algumas dessas a\u00e7\u00f5es s\u00e3o relatadas pelo pr\u00f3prio magistrado. A Suprema Corte afirmou n\u00e3o haver conflito de interesses na situa\u00e7\u00e3o, disse que os ministros conversam [&hellip;]<\/p>\n","protected":false},"author":2,"featured_media":191833,"comment_status":"open","ping_status":"open","sticky":false,"template":"","format":"standard","meta":{"_monsterinsights_skip_tracking":false,"_monsterinsights_sitenote_active":false,"_monsterinsights_sitenote_note":"","_monsterinsights_sitenote_category":0},"categories":[2528,12],"tags":[1710,41452,1668,41477,3014],"aioseo_notices":[],"_links":{"self":[{"href":"http:\/\/mspontocom.com.br\/site\/wp-json\/wp\/v2\/posts\/191822"}],"collection":[{"href":"http:\/\/mspontocom.com.br\/site\/wp-json\/wp\/v2\/posts"}],"about":[{"href":"http:\/\/mspontocom.com.br\/site\/wp-json\/wp\/v2\/types\/post"}],"author":[{"embeddable":true,"href":"http:\/\/mspontocom.com.br\/site\/wp-json\/wp\/v2\/users\/2"}],"replies":[{"embeddable":true,"href":"http:\/\/mspontocom.com.br\/site\/wp-json\/wp\/v2\/comments?post=191822"}],"version-history":[{"count":2,"href":"http:\/\/mspontocom.com.br\/site\/wp-json\/wp\/v2\/posts\/191822\/revisions"}],"predecessor-version":[{"id":191834,"href":"http:\/\/mspontocom.com.br\/site\/wp-json\/wp\/v2\/posts\/191822\/revisions\/191834"}],"wp:featuredmedia":[{"embeddable":true,"href":"http:\/\/mspontocom.com.br\/site\/wp-json\/wp\/v2\/media\/191833"}],"wp:attachment":[{"href":"http:\/\/mspontocom.com.br\/site\/wp-json\/wp\/v2\/media?parent=191822"}],"wp:term":[{"taxonomy":"category","embeddable":true,"href":"http:\/\/mspontocom.com.br\/site\/wp-json\/wp\/v2\/categories?post=191822"},{"taxonomy":"post_tag","embeddable":true,"href":"http:\/\/mspontocom.com.br\/site\/wp-json\/wp\/v2\/tags?post=191822"}],"curies":[{"name":"wp","href":"https:\/\/api.w.org\/{rel}","templated":true}]}}