{"id":192606,"date":"2024-07-29T04:39:22","date_gmt":"2024-07-29T08:39:22","guid":{"rendered":"https:\/\/mspontocom.com.br\/site\/?p=192606"},"modified":"2024-07-29T07:33:51","modified_gmt":"2024-07-29T11:33:51","slug":"bndes-abre-inscricoes-para-concurso-de-nivel-superior","status":"publish","type":"post","link":"http:\/\/mspontocom.com.br\/site\/bndes-abre-inscricoes-para-concurso-de-nivel-superior\/","title":{"rendered":"BNDES abre inscri\u00e7\u00f5es para concurso de n\u00edvel superior"},"content":{"rendered":"<p style=\"text-align: justify;\"><img loading=\"lazy\" class=\"alignnone size-full wp-image-192622\" src=\"https:\/\/mspontocom.com.br\/site\/wp-content\/uploads\/2024\/07\/site-bndes-abre-inscricoes-para-concurso-de-nivel-superior-concurso-bndes-tem-salarios-r-209-mil-veja-como-participar-scaled-1.jpg\" alt=\"\" width=\"960\" height=\"640\" srcset=\"http:\/\/mspontocom.com.br\/site\/wp-content\/uploads\/2024\/07\/site-bndes-abre-inscricoes-para-concurso-de-nivel-superior-concurso-bndes-tem-salarios-r-209-mil-veja-como-participar-scaled-1.jpg 960w, http:\/\/mspontocom.com.br\/site\/wp-content\/uploads\/2024\/07\/site-bndes-abre-inscricoes-para-concurso-de-nivel-superior-concurso-bndes-tem-salarios-r-209-mil-veja-como-participar-scaled-1-260x173.jpg 260w, http:\/\/mspontocom.com.br\/site\/wp-content\/uploads\/2024\/07\/site-bndes-abre-inscricoes-para-concurso-de-nivel-superior-concurso-bndes-tem-salarios-r-209-mil-veja-como-participar-scaled-1-768x512.jpg 768w\" sizes=\"(max-width: 960px) 100vw, 960px\" \/>As inscri\u00e7\u00f5es ao concurso p\u00fablico do Banco Nacional de Desenvolvimento Econ\u00f4mico e Social (BNDES) foram abertas na sexta-feira, 26, e prosseguem at\u00e9 o dia 19 de agosto, \u00e0s 23h59 no <a href=\"https:\/\/concursos.cesgranrio.org.br\/portal\/avaliacoes\/14\" target=\"_blank\" rel=\"noopener\" data-saferedirecturl=\"https:\/\/www.google.com\/url?q=https:\/\/concursos.cesgranrio.org.br\/portal\/avaliacoes\/14&amp;source=gmail&amp;ust=1722332033362000&amp;usg=AOvVaw3oXMhcxR7jDPyi2MkG5lBH\">site da Funda\u00e7\u00e3o Cesgranrio<\/a>.<\/p>\n<p style=\"text-align: justify;\">A taxa de inscri\u00e7\u00e3o \u00e9 de R$ 110,00.<\/p>\n<p style=\"text-align: justify;\">As provas ser\u00e3o aplicadas no dia 13 de outubro, em todas as capitais brasileiras.<\/p>\n<p style=\"text-align: justify;\">A sele\u00e7\u00e3o preencher\u00e1 cargos de n\u00edvel superior com \u00eanfases em administra\u00e7\u00e3o, an\u00e1lise de sistemas\/ciberseguran\u00e7a, an\u00e1lise de sistemas\/desenvolvimento, an\u00e1lise de sistemas\/suporte, arquitetura\/urbanismo, arquivologia digital, ci\u00eancias cont\u00e1beis, ci\u00eancia de dados, comunica\u00e7\u00e3o social, direito, economia, engenharia e psicologia organizacional.<\/p>\n<p style=\"text-align: justify;\">Ao todo, s\u00e3o oferecidas 150 vagas imediatas e outras 750 para forma\u00e7\u00e3o de cadastro de reserva.<\/p>\n<p style=\"text-align: justify;\">O edital\u00a0est\u00e1 dispon\u00edvel no\u00a0<a href=\"https:\/\/bndes.gov.br\/wps\/portal\/site\/home\/quem-somos\/trabalhar-no-bndes\/!ut\/p\/z1\/fY47D4IwFIV3fgULY3OviK-RxFeExMTBQBdSaiNVaIEW488XCermcr473O_kAHVc13Eg6dEfY3wIVLGHvDIrtWIlJJDSeRavos0-OGK8O-EEw1m0Dc_raIrLBRwG8ee_G_4byWiM719AKm9NQ0OgXCsrnhaSXF2EyaQyVtqOD4s8LHQlPGw6URGjK208tC3LWVmwNlM6GxwP-w7etUYbYkQpONOk7vJSckZ89AOo7zR9AXiE2Ww!\/\" target=\"_blank\" rel=\"noopener\" data-saferedirecturl=\"https:\/\/www.google.com\/url?q=https:\/\/bndes.gov.br\/wps\/portal\/site\/home\/quem-somos\/trabalhar-no-bndes\/!ut\/p\/z1\/fY47D4IwFIV3fgULY3OviK-RxFeExMTBQBdSaiNVaIEW488XCermcr473O_kAHVc13Eg6dEfY3wIVLGHvDIrtWIlJJDSeRavos0-OGK8O-EEw1m0Dc_raIrLBRwG8ee_G_4byWiM719AKm9NQ0OgXCsrnhaSXF2EyaQyVtqOD4s8LHQlPGw6URGjK208tC3LWVmwNlM6GxwP-w7etUYbYkQpONOk7vJSckZ89AOo7zR9AXiE2Ww!\/&amp;source=gmail&amp;ust=1722332033362000&amp;usg=AOvVaw1RSKv4awvSZU6wcB80pgsT\">site do BNDES<\/a>.<\/p>\n<p style=\"text-align: justify;\">Veja mais not\u00edcias em: <a href=\"http:\/\/www.mspontocom.com.br\">www.mspontocom.com.br<\/a><\/p>\n<p style=\"text-align: justify;\">Nosso X (Twitter) @mspontocom<\/p>\n","protected":false},"excerpt":{"rendered":"<p>As inscri\u00e7\u00f5es ao concurso p\u00fablico do Banco Nacional de Desenvolvimento Econ\u00f4mico e Social (BNDES) foram abertas na sexta-feira, 26, e prosseguem at\u00e9 o dia 19 de agosto, \u00e0s 23h59 no site da Funda\u00e7\u00e3o Cesgranrio. A taxa de inscri\u00e7\u00e3o \u00e9 de R$ 110,00. As provas ser\u00e3o aplicadas no dia 13 de outubro, em todas as capitais [&hellip;]<\/p>\n","protected":false},"author":2,"featured_media":192622,"comment_status":"open","ping_status":"open","sticky":false,"template":"","format":"standard","meta":{"_monsterinsights_skip_tracking":false,"_monsterinsights_sitenote_active":false,"_monsterinsights_sitenote_note":"","_monsterinsights_sitenote_category":0},"categories":[30261],"tags":[509,186,455],"aioseo_notices":[],"_links":{"self":[{"href":"http:\/\/mspontocom.com.br\/site\/wp-json\/wp\/v2\/posts\/192606"}],"collection":[{"href":"http:\/\/mspontocom.com.br\/site\/wp-json\/wp\/v2\/posts"}],"about":[{"href":"http:\/\/mspontocom.com.br\/site\/wp-json\/wp\/v2\/types\/post"}],"author":[{"embeddable":true,"href":"http:\/\/mspontocom.com.br\/site\/wp-json\/wp\/v2\/users\/2"}],"replies":[{"embeddable":true,"href":"http:\/\/mspontocom.com.br\/site\/wp-json\/wp\/v2\/comments?post=192606"}],"version-history":[{"count":2,"href":"http:\/\/mspontocom.com.br\/site\/wp-json\/wp\/v2\/posts\/192606\/revisions"}],"predecessor-version":[{"id":192623,"href":"http:\/\/mspontocom.com.br\/site\/wp-json\/wp\/v2\/posts\/192606\/revisions\/192623"}],"wp:featuredmedia":[{"embeddable":true,"href":"http:\/\/mspontocom.com.br\/site\/wp-json\/wp\/v2\/media\/192622"}],"wp:attachment":[{"href":"http:\/\/mspontocom.com.br\/site\/wp-json\/wp\/v2\/media?parent=192606"}],"wp:term":[{"taxonomy":"category","embeddable":true,"href":"http:\/\/mspontocom.com.br\/site\/wp-json\/wp\/v2\/categories?post=192606"},{"taxonomy":"post_tag","embeddable":true,"href":"http:\/\/mspontocom.com.br\/site\/wp-json\/wp\/v2\/tags?post=192606"}],"curies":[{"name":"wp","href":"https:\/\/api.w.org\/{rel}","templated":true}]}}