{"id":195854,"date":"2024-12-03T03:50:05","date_gmt":"2024-12-03T07:50:05","guid":{"rendered":"https:\/\/mspontocom.com.br\/site\/?p=195854"},"modified":"2024-12-03T06:08:34","modified_gmt":"2024-12-03T10:08:34","slug":"sanesul-abre-concurso-com-vagas-exclusivas-para-pcds","status":"publish","type":"post","link":"http:\/\/mspontocom.com.br\/site\/sanesul-abre-concurso-com-vagas-exclusivas-para-pcds\/","title":{"rendered":"Sanesul abre concurso com vagas exclusivas para PCDs"},"content":{"rendered":"<div style=\"text-align: justify;\"><img loading=\"lazy\" class=\"alignnone size-full wp-image-195855\" src=\"https:\/\/mspontocom.com.br\/site\/wp-content\/uploads\/2024\/12\/site-sanesul-abre-concurso-com-vagas-exclusivas-para-pcds-sanesul.jpg\" alt=\"\" width=\"1920\" height=\"575\" srcset=\"http:\/\/mspontocom.com.br\/site\/wp-content\/uploads\/2024\/12\/site-sanesul-abre-concurso-com-vagas-exclusivas-para-pcds-sanesul.jpg 1920w, http:\/\/mspontocom.com.br\/site\/wp-content\/uploads\/2024\/12\/site-sanesul-abre-concurso-com-vagas-exclusivas-para-pcds-sanesul-260x78.jpg 260w, http:\/\/mspontocom.com.br\/site\/wp-content\/uploads\/2024\/12\/site-sanesul-abre-concurso-com-vagas-exclusivas-para-pcds-sanesul-1024x307.jpg 1024w, http:\/\/mspontocom.com.br\/site\/wp-content\/uploads\/2024\/12\/site-sanesul-abre-concurso-com-vagas-exclusivas-para-pcds-sanesul-768x230.jpg 768w, http:\/\/mspontocom.com.br\/site\/wp-content\/uploads\/2024\/12\/site-sanesul-abre-concurso-com-vagas-exclusivas-para-pcds-sanesul-1536x460.jpg 1536w\" sizes=\"(max-width: 1920px) 100vw, 1920px\" \/>A Empresa de Saneamento de Mato Grosso do Sul <strong>(Sanesul)<\/strong> publicou no Di\u00e1rio Oficial do Estado, o edital do Concurso para<strong> Emprego P\u00fablico Sanesul &#8211; Vaga Afirmativa para Pessoa com Defici\u00eancia (PcD).<\/strong><\/div>\n<div style=\"text-align: justify;\"><\/div>\n<div style=\"text-align: justify;\">S\u00e3o vagas para a fun\u00e7\u00e3o de assistente administrativo, com carga hor\u00e1ria de 200 horas mensais e sal\u00e1rio inicial de R$ 3.070, 12.<\/div>\n<div style=\"text-align: justify;\"><\/div>\n<div style=\"text-align: justify;\">As inscri\u00e7\u00f5es podem ser feitas a partir da pr\u00f3xima sexta-feira (6) exclusivamente pela internet no site da\u00a0<u><a id=\"m_5082962209291045095OWA8556b20d-89c7-1123-b797-bd0a46365095\" href=\"https:\/\/concurso.fapec.org\/\" target=\"_blank\" rel=\"noopener\" data-saferedirecturl=\"https:\/\/www.google.com\/url?q=https:\/\/concurso.fapec.org\/&amp;source=gmail&amp;ust=1733304778646000&amp;usg=AOvVaw1POqZU5bBbwpfuHQ5wckb4\">Fapec (Funda\u00e7\u00e3o de Apoio a Pesquisa)<\/a><\/u>.<\/div>\n<div style=\"text-align: justify;\"><\/div>\n<div style=\"text-align: justify;\">Para participar os interessados devem pagar uma taxa de inscri\u00e7\u00e3o no valor R$ 80 ou solicitar a isen\u00e7\u00e3o via internet entre 06 e 16 de dezembro.<\/div>\n<div style=\"text-align: justify;\"><\/div>\n<div style=\"text-align: justify;\">O prazo final para se inscrever \u00e9 dia <strong>20 de janeiro de 2025. \u00a0<\/strong><\/div>\n<div style=\"text-align: justify;\">\n<b>Vagas afirmativas<\/b><\/p>\n<\/div>\n<div style=\"text-align: justify;\">No momento da inscri\u00e7\u00e3o, \u00e9 necess\u00e1rio anexar o laudo m\u00e9dico emitido nos \u00faltimos seis meses para an\u00e1lise e parecer.<\/div>\n<div style=\"text-align: justify;\"><\/div>\n<div style=\"text-align: justify;\">Al\u00e9m disso, o candidato que necessitar de condi\u00e7\u00e3o especial para a realiza\u00e7\u00e3o das provas dever\u00e1 solicit\u00e1-la durante o per\u00edodo das inscri\u00e7\u00f5es, por meio de formul\u00e1rio\u00a0<u><a id=\"m_5082962209291045095OWAeb3f95c1-0bc2-dc1c-985a-6cec45bae608\" href=\"https:\/\/concurso.fapec.org\/single-edital.php?new_id=223\" target=\"_blank\" rel=\"noopener\" data-saferedirecturl=\"https:\/\/www.google.com\/url?q=https:\/\/concurso.fapec.org\/single-edital.php?new_id%3D223&amp;source=gmail&amp;ust=1733304778646000&amp;usg=AOvVaw2dgt85CeEC9umF1L50ncSx\">dispon\u00edvel no edital<\/a><\/u>.<\/div>\n<div style=\"text-align: justify;\"><\/div>\n<div>\n<p style=\"text-align: justify;\"><span style=\"color: #ff0000;\"><em><strong>Continue ao nosso lado. Veja mais not\u00edcias em:<\/strong><\/em><\/span> <a href=\"http:\/\/www.mspontocom.com.br\">www.mspontocom.com.br<\/a><\/p>\n<p style=\"text-align: justify;\">Instagram \u00a0e X:\u00a0 @mspontocom<\/p>\n<\/div>\n","protected":false},"excerpt":{"rendered":"<p>A Empresa de Saneamento de Mato Grosso do Sul (Sanesul) publicou no Di\u00e1rio Oficial do Estado, o edital do Concurso para Emprego P\u00fablico Sanesul &#8211; Vaga Afirmativa para Pessoa com Defici\u00eancia (PcD). S\u00e3o vagas para a fun\u00e7\u00e3o de assistente administrativo, com carga hor\u00e1ria de 200 horas mensais e sal\u00e1rio inicial de R$ 3.070, 12. As [&hellip;]<\/p>\n","protected":false},"author":2,"featured_media":195855,"comment_status":"open","ping_status":"open","sticky":false,"template":"","format":"standard","meta":{"_monsterinsights_skip_tracking":false,"_monsterinsights_sitenote_active":false,"_monsterinsights_sitenote_note":"","_monsterinsights_sitenote_category":0},"categories":[30261,74],"tags":[124,11710,217],"aioseo_notices":[],"_links":{"self":[{"href":"http:\/\/mspontocom.com.br\/site\/wp-json\/wp\/v2\/posts\/195854"}],"collection":[{"href":"http:\/\/mspontocom.com.br\/site\/wp-json\/wp\/v2\/posts"}],"about":[{"href":"http:\/\/mspontocom.com.br\/site\/wp-json\/wp\/v2\/types\/post"}],"author":[{"embeddable":true,"href":"http:\/\/mspontocom.com.br\/site\/wp-json\/wp\/v2\/users\/2"}],"replies":[{"embeddable":true,"href":"http:\/\/mspontocom.com.br\/site\/wp-json\/wp\/v2\/comments?post=195854"}],"version-history":[{"count":1,"href":"http:\/\/mspontocom.com.br\/site\/wp-json\/wp\/v2\/posts\/195854\/revisions"}],"predecessor-version":[{"id":195856,"href":"http:\/\/mspontocom.com.br\/site\/wp-json\/wp\/v2\/posts\/195854\/revisions\/195856"}],"wp:featuredmedia":[{"embeddable":true,"href":"http:\/\/mspontocom.com.br\/site\/wp-json\/wp\/v2\/media\/195855"}],"wp:attachment":[{"href":"http:\/\/mspontocom.com.br\/site\/wp-json\/wp\/v2\/media?parent=195854"}],"wp:term":[{"taxonomy":"category","embeddable":true,"href":"http:\/\/mspontocom.com.br\/site\/wp-json\/wp\/v2\/categories?post=195854"},{"taxonomy":"post_tag","embeddable":true,"href":"http:\/\/mspontocom.com.br\/site\/wp-json\/wp\/v2\/tags?post=195854"}],"curies":[{"name":"wp","href":"https:\/\/api.w.org\/{rel}","templated":true}]}}