{"id":197337,"date":"2025-02-04T05:32:12","date_gmt":"2025-02-04T09:32:12","guid":{"rendered":"https:\/\/mspontocom.com.br\/site\/?p=197337"},"modified":"2025-02-04T05:32:12","modified_gmt":"2025-02-04T09:32:12","slug":"barroso-defende-mordomias-e-diz-que-criticas-sao-injustas","status":"publish","type":"post","link":"http:\/\/mspontocom.com.br\/site\/barroso-defende-mordomias-e-diz-que-criticas-sao-injustas\/","title":{"rendered":"Barroso defende mordomias e diz que cr\u00edticas s\u00e3o \u201cinjustas\u201d"},"content":{"rendered":"<p style=\"text-align: justify;\"><img loading=\"lazy\" class=\"alignnone size-full wp-image-197345\" src=\"https:\/\/mspontocom.com.br\/site\/wp-content\/uploads\/2025\/02\/site-barroso-defende-penduricalhos-e-diz-que-criticas-sao-injustas-barroso-e1738661349189.jpg\" alt=\"\" width=\"752\" height=\"385\" srcset=\"http:\/\/mspontocom.com.br\/site\/wp-content\/uploads\/2025\/02\/site-barroso-defende-penduricalhos-e-diz-que-criticas-sao-injustas-barroso-e1738661349189.jpg 752w, http:\/\/mspontocom.com.br\/site\/wp-content\/uploads\/2025\/02\/site-barroso-defende-penduricalhos-e-diz-que-criticas-sao-injustas-barroso-e1738661349189-260x133.jpg 260w\" sizes=\"(max-width: 752px) 100vw, 752px\" \/>O presidente do STF, Lu\u00eds Roberto Barroso, afirmou nesta 2\u00aa feira\u00a0 que h\u00e1 cr\u00edticas \u201cinjustas\u201d sobre <strong>gastos do Judici\u00e1rio<\/strong> com adicionais salariais pagos a magistrados, conhecidos como \u201cpenduricalhos\u201d.<\/p>\n<p style=\"text-align: justify;\">Em entrevista \u00e0 GloboNews, ele disse que algumas remunera\u00e7\u00f5es extras t\u00eam justificativa legal e s\u00e3o necess\u00e1rias para compensar o volume de trabalho dos ju\u00edzes.<\/p>\n<p style=\"text-align: justify;\"><span style=\"font-size: 18pt;\"><strong>BL\u00c1 BL\u00c1 BL\u00c1<\/strong><\/span><\/p>\n<blockquote><p><em>\u201cH\u00e1 penduricalhos que s\u00e3o inaceit\u00e1veis e devem ser questionados judicialmente. Mas h\u00e1 situa\u00e7\u00f5es leg\u00edtimas, como um juiz que recebe f\u00e9rias no m\u00eas e ultrapassa o teto ou aquele que assume o acervo processual de um colega e recebe um acr\u00e9scimo por isso\u201d, disse Barroso. <\/em><\/p><\/blockquote>\n<p style=\"text-align: justify;\">O ministro justificou o acr\u00e9scimo nos sal\u00e1rios dos magistrados brasileiros argumentando que eles lidam com um volume de processos \u201cacima da m\u00e9dia global\u201d e, por isso, recebem uma indeniza\u00e7\u00e3o pelo ac\u00famulo de processos.<\/p>\n<p style=\"text-align: justify;\"><span style=\"font-size: 18pt;\"><strong>IMPACTO DOS PENDURICALHOS<\/strong><\/span><\/p>\n<p style=\"text-align: justify;\">Os pagamentos extras a ju\u00edzes e desembargadores geraram custos expressivos ao Judici\u00e1rio.<\/p>\n<p style=\"text-align: justify;\">Segundo relat\u00f3rio da Transpar\u00eancia Brasil, a convers\u00e3o de licen\u00e7a-compensat\u00f3ria em dinheiro, autorizada pelo CNJ (Conselho Nacional de Justi\u00e7a) em outubro de 2022, resultou em um aumento m\u00e9dio de R$ 12.400 nos contracheques de 8.736 magistrados, totalizando R$ 819 milh\u00f5es em gastos p\u00fablicos em 16 meses.<\/p>\n<p style=\"text-align: justify;\" align=\"justify\"><span style=\"font-family: Times New Roman, serif;\"><span style=\"font-size: medium;\"><span style=\"color: #ff0000;\">Continue ao nosso lado. Veja mais not\u00edcias em<\/span>: <span style=\"color: #0000ff;\"><u><a href=\"http:\/\/www.mspontocom.com.br\/\">www.mspontocom.com.br<\/a><\/u><\/span><\/span><\/span><\/p>\n<p style=\"text-align: justify;\" align=\"justify\"><span style=\"font-family: Times New Roman, serif;\"><span style=\"font-size: medium;\">Instagram e X:\u00a0 @mspontocom<\/span><\/span><\/p>\n","protected":false},"excerpt":{"rendered":"<p>O presidente do STF, Lu\u00eds Roberto Barroso, afirmou nesta 2\u00aa feira\u00a0 que h\u00e1 cr\u00edticas \u201cinjustas\u201d sobre gastos do Judici\u00e1rio com adicionais salariais pagos a magistrados, conhecidos como \u201cpenduricalhos\u201d. Em entrevista \u00e0 GloboNews, ele disse que algumas remunera\u00e7\u00f5es extras t\u00eam justificativa legal e s\u00e3o necess\u00e1rias para compensar o volume de trabalho dos ju\u00edzes. BL\u00c1 BL\u00c1 BL\u00c1 [&hellip;]<\/p>\n","protected":false},"author":2,"featured_media":197345,"comment_status":"open","ping_status":"open","sticky":false,"template":"","format":"standard","meta":{"_monsterinsights_skip_tracking":false,"_monsterinsights_sitenote_active":false,"_monsterinsights_sitenote_note":"","_monsterinsights_sitenote_category":0},"categories":[6,30260,2528,30259],"tags":[33587,42535,25810,3014],"aioseo_notices":[],"_links":{"self":[{"href":"http:\/\/mspontocom.com.br\/site\/wp-json\/wp\/v2\/posts\/197337"}],"collection":[{"href":"http:\/\/mspontocom.com.br\/site\/wp-json\/wp\/v2\/posts"}],"about":[{"href":"http:\/\/mspontocom.com.br\/site\/wp-json\/wp\/v2\/types\/post"}],"author":[{"embeddable":true,"href":"http:\/\/mspontocom.com.br\/site\/wp-json\/wp\/v2\/users\/2"}],"replies":[{"embeddable":true,"href":"http:\/\/mspontocom.com.br\/site\/wp-json\/wp\/v2\/comments?post=197337"}],"version-history":[{"count":2,"href":"http:\/\/mspontocom.com.br\/site\/wp-json\/wp\/v2\/posts\/197337\/revisions"}],"predecessor-version":[{"id":197346,"href":"http:\/\/mspontocom.com.br\/site\/wp-json\/wp\/v2\/posts\/197337\/revisions\/197346"}],"wp:featuredmedia":[{"embeddable":true,"href":"http:\/\/mspontocom.com.br\/site\/wp-json\/wp\/v2\/media\/197345"}],"wp:attachment":[{"href":"http:\/\/mspontocom.com.br\/site\/wp-json\/wp\/v2\/media?parent=197337"}],"wp:term":[{"taxonomy":"category","embeddable":true,"href":"http:\/\/mspontocom.com.br\/site\/wp-json\/wp\/v2\/categories?post=197337"},{"taxonomy":"post_tag","embeddable":true,"href":"http:\/\/mspontocom.com.br\/site\/wp-json\/wp\/v2\/tags?post=197337"}],"curies":[{"name":"wp","href":"https:\/\/api.w.org\/{rel}","templated":true}]}}