{"id":197540,"date":"2025-02-11T07:48:06","date_gmt":"2025-02-11T11:48:06","guid":{"rendered":"https:\/\/mspontocom.com.br\/site\/?p=197540"},"modified":"2025-02-11T07:48:06","modified_gmt":"2025-02-11T11:48:06","slug":"risco-de-prisao-moraes-e-aconselhado-a-nao-ir-aos-eua","status":"publish","type":"post","link":"http:\/\/mspontocom.com.br\/site\/risco-de-prisao-moraes-e-aconselhado-a-nao-ir-aos-eua\/","title":{"rendered":"Risco de pris\u00e3o: Moraes \u00e9 aconselhado a n\u00e3o ir aos EUA"},"content":{"rendered":"<p style=\"text-align: justify;\"><img loading=\"lazy\" class=\"alignnone size-full wp-image-197550\" src=\"https:\/\/mspontocom.com.br\/site\/wp-content\/uploads\/2025\/02\/site-risco-de-prisao-moraes-e-aconselhado-a-nao-viajar-para-os-eua-trump1.webp\" alt=\"\" width=\"920\" height=\"518\" srcset=\"http:\/\/mspontocom.com.br\/site\/wp-content\/uploads\/2025\/02\/site-risco-de-prisao-moraes-e-aconselhado-a-nao-viajar-para-os-eua-trump1.webp 920w, http:\/\/mspontocom.com.br\/site\/wp-content\/uploads\/2025\/02\/site-risco-de-prisao-moraes-e-aconselhado-a-nao-viajar-para-os-eua-trump1-260x146.webp 260w, http:\/\/mspontocom.com.br\/site\/wp-content\/uploads\/2025\/02\/site-risco-de-prisao-moraes-e-aconselhado-a-nao-viajar-para-os-eua-trump1-768x432.webp 768w\" sizes=\"(max-width: 920px) 100vw, 920px\" \/>Interlocutores da \u00e1rea diplom\u00e1tica do governo Lula identificaram riscos expressivos para o ministro <strong>Alexandre de Moraes<\/strong>, do STF, em caso de uma viagem aos Estados Unidos.<\/p>\n<p style=\"text-align: justify;\">Segundo fontes ouvidas pela revista <em>Veja<\/em>, estes riscos foram devidamente comunicados ao STF.<\/p>\n<p style=\"text-align: justify;\">Membros do governo petista acreditam que o ministro poderia ser alvo de uma decis\u00e3o extrema \u2014<strong> o que inclui a possibilidade de pris\u00e3o<\/strong> \u2014 por parte do governo de Donald Trump ou mesmo por apoiadores do empres\u00e1rio Elon Musk.<\/p>\n<p style=\"text-align: justify;\">Esses grupos t\u00eam criticado publicamente as decis\u00f5es de Moraes no STF.<\/p>\n<p style=\"text-align: justify;\"><strong>\u201cQualquer juiz federal pode mandar prend\u00ea-lo, se pisar l\u00e1\u201d,<\/strong> alertou um auxiliar pr\u00f3ximo ao presidente Lula.<\/p>\n<p style=\"text-align: justify;\">O temor \u00e9 que uma eventual pris\u00e3o ou a\u00e7\u00e3o judicial contra Moraes nos EUA se torne um trunfo para a direita e cause um grande impacto midi\u00e1tico.<\/p>\n<h2 class=\"wp-block-heading\" style=\"text-align: justify;\">Document\u00e1rio: Moraes psicopata<\/h2>\n<p style=\"text-align: justify;\">O document\u00e1rio\u00a0<em>The Fake Judge<\/em>, cuja produ\u00e7\u00e3o \u00e9 do jornalista portugu\u00eas S\u00e9rgio Tavares, estreia em maio deste ano.<\/p>\n<p style=\"text-align: justify;\"><em>The story of a nation in the hands of a psychopath<\/em>\u00a0(<strong>\u201cA hist\u00f3ria de uma na\u00e7\u00e3o nas m\u00e3os de um psicopata\u201d,<\/strong> em tradu\u00e7\u00e3o livre) \u00e9 o subt\u00edtulo do filme, que foca na figura de Alexandre de Moraes.<\/p>\n<p style=\"text-align: justify;\">Tavares percorreu dez pa\u00edses \u2014 Brasil, EUA, Portugal, Argentina, Espanha, Reino Unido, It\u00e1lia, Alemanha, B\u00e9lgica e \u00cdndia \u2014 para entrevistar personalidades.<\/p>\n<p style=\"text-align: justify;\">O filme re\u00fane testemunhos de pol\u00edticos, jornalistas, advogados e juristas, al\u00e9m de pessoas que se exilaram por medo de persegui\u00e7\u00e3o ou de pris\u00e3o.<\/p>\n<p style=\"text-align: justify;\" align=\"justify\"><span style=\"font-family: Times New Roman, serif;\"><span style=\"font-size: medium;\"><span style=\"color: #ff0000;\">Continue ao nosso lado. Veja mais not\u00edcias em<\/span>: <span style=\"color: #0000ff;\"><u><a href=\"http:\/\/www.mspontocom.com.br\/\">www.mspontocom.com.br<\/a><\/u><\/span><\/span><\/span><\/p>\n<p style=\"text-align: justify;\" align=\"justify\"><span style=\"font-family: Times New Roman, serif;\"><span style=\"font-size: medium;\">Instagram e X:\u00a0 @mspontocom<\/span><\/span><\/p>\n","protected":false},"excerpt":{"rendered":"<p>Interlocutores da \u00e1rea diplom\u00e1tica do governo Lula identificaram riscos expressivos para o ministro Alexandre de Moraes, do STF, em caso de uma viagem aos Estados Unidos. Segundo fontes ouvidas pela revista Veja, estes riscos foram devidamente comunicados ao STF. Membros do governo petista acreditam que o ministro poderia ser alvo de uma decis\u00e3o extrema \u2014 [&hellip;]<\/p>\n","protected":false},"author":2,"featured_media":197550,"comment_status":"open","ping_status":"open","sticky":false,"template":"","format":"standard","meta":{"_monsterinsights_skip_tracking":false,"_monsterinsights_sitenote_active":false,"_monsterinsights_sitenote_note":"","_monsterinsights_sitenote_category":0},"categories":[6,30260,2528,7,30259,12],"tags":[42568,1539,35247,42567],"aioseo_notices":[],"_links":{"self":[{"href":"http:\/\/mspontocom.com.br\/site\/wp-json\/wp\/v2\/posts\/197540"}],"collection":[{"href":"http:\/\/mspontocom.com.br\/site\/wp-json\/wp\/v2\/posts"}],"about":[{"href":"http:\/\/mspontocom.com.br\/site\/wp-json\/wp\/v2\/types\/post"}],"author":[{"embeddable":true,"href":"http:\/\/mspontocom.com.br\/site\/wp-json\/wp\/v2\/users\/2"}],"replies":[{"embeddable":true,"href":"http:\/\/mspontocom.com.br\/site\/wp-json\/wp\/v2\/comments?post=197540"}],"version-history":[{"count":2,"href":"http:\/\/mspontocom.com.br\/site\/wp-json\/wp\/v2\/posts\/197540\/revisions"}],"predecessor-version":[{"id":197551,"href":"http:\/\/mspontocom.com.br\/site\/wp-json\/wp\/v2\/posts\/197540\/revisions\/197551"}],"wp:featuredmedia":[{"embeddable":true,"href":"http:\/\/mspontocom.com.br\/site\/wp-json\/wp\/v2\/media\/197550"}],"wp:attachment":[{"href":"http:\/\/mspontocom.com.br\/site\/wp-json\/wp\/v2\/media?parent=197540"}],"wp:term":[{"taxonomy":"category","embeddable":true,"href":"http:\/\/mspontocom.com.br\/site\/wp-json\/wp\/v2\/categories?post=197540"},{"taxonomy":"post_tag","embeddable":true,"href":"http:\/\/mspontocom.com.br\/site\/wp-json\/wp\/v2\/tags?post=197540"}],"curies":[{"name":"wp","href":"https:\/\/api.w.org\/{rel}","templated":true}]}}