{"id":198068,"date":"2025-03-01T06:32:34","date_gmt":"2025-03-01T10:32:34","guid":{"rendered":"https:\/\/mspontocom.com.br\/site\/?p=198068"},"modified":"2025-03-01T06:32:34","modified_gmt":"2025-03-01T10:32:34","slug":"governo-contrata-r-500-milhoes-sem-licitacao-para-a-cop30","status":"publish","type":"post","link":"http:\/\/mspontocom.com.br\/site\/governo-contrata-r-500-milhoes-sem-licitacao-para-a-cop30\/","title":{"rendered":"Governo contrata R$ 500 milh\u00f5es sem licita\u00e7\u00e3o para a COP30"},"content":{"rendered":"<p style=\"text-align: justify;\"><img loading=\"lazy\" class=\"alignnone size-full wp-image-198074\" src=\"https:\/\/mspontocom.com.br\/site\/wp-content\/uploads\/2025\/03\/site-governo-contrata-r-500-milhoes-sem-licitacao-para-a-cop30-cop-30.png\" alt=\"\" width=\"1252\" height=\"720\" srcset=\"http:\/\/mspontocom.com.br\/site\/wp-content\/uploads\/2025\/03\/site-governo-contrata-r-500-milhoes-sem-licitacao-para-a-cop30-cop-30.png 1252w, http:\/\/mspontocom.com.br\/site\/wp-content\/uploads\/2025\/03\/site-governo-contrata-r-500-milhoes-sem-licitacao-para-a-cop30-cop-30-260x150.png 260w, http:\/\/mspontocom.com.br\/site\/wp-content\/uploads\/2025\/03\/site-governo-contrata-r-500-milhoes-sem-licitacao-para-a-cop30-cop-30-1024x589.png 1024w, http:\/\/mspontocom.com.br\/site\/wp-content\/uploads\/2025\/03\/site-governo-contrata-r-500-milhoes-sem-licitacao-para-a-cop30-cop-30-768x442.png 768w\" sizes=\"(max-width: 1252px) 100vw, 1252px\" \/>O governo do presidente<strong> Lula<\/strong> contratou a OEI (Organiza\u00e7\u00e3o dos Estados Ibero-Americanos), com sede na Espanha, para organizar a <strong>COP30<\/strong> em Bel\u00e9m (PA).<\/p>\n<p style=\"text-align: justify;\">O acordo custou R$ 478,3 milh\u00f5es para o Brasil.<\/p>\n<p style=\"text-align: justify;\"><strong><span style=\"font-size: 18pt;\">SEM LICITA\u00c7\u00c3O, CLARO<\/span><\/strong><\/p>\n<p style=\"text-align: justify;\">\u00a0Como se trata de uma organiza\u00e7\u00e3o internacional,<strong> n\u00e3o houve processo licitat\u00f3rio<\/strong> \u2013ou seja, a OEI foi escolhida de forma discricion\u00e1ria pelo governo federal.<\/p>\n<p style=\"text-align: justify;\">A OEI disse em nota\u00a0 que vai apoiar\u00a0 o \u201c Estado brasileiro nas a\u00e7\u00f5es de planejamento e organiza\u00e7\u00e3o para a realiza\u00e7\u00e3o\u201d da COP30.<\/p>\n<blockquote><p><em>\u201cA coopera\u00e7\u00e3o poder\u00e1 abranger a\u00e7\u00f5es administrativas, organizacionais, culturais, educacionais, cient\u00edficas e t\u00e9cnico-operacionais\u201d, afirmou. <\/em><\/p><\/blockquote>\n<p style=\"text-align: justify;\">O contrato entre o governo e a OEI foi assinado em dezembro e \u00e9 v\u00e1lido at\u00e9 30 de junho de 2026.<\/p>\n<p style=\"text-align: justify;\"><span style=\"font-size: 18pt;\"><strong>OLHA OS ENVOLVIDOS<\/strong><\/span><\/p>\n<p style=\"text-align: justify;\">Em seu perfil no Instagram, a OEI Brasil j\u00e1 publicou diversas fotos com integrantes do governo federal \u2013entre eles,<strong> Lula<\/strong> , <strong>Janja Lula da Silva,<\/strong> e com representantes de governos estaduais, como o governador da Bahia, <strong>Jer\u00f4nimo Rodrigues<\/strong> (PT).<\/p>\n<p style=\"text-align: justify;\" align=\"justify\"><span style=\"font-family: Times New Roman, serif;\"><span style=\"font-size: medium;\"><span style=\"color: #ff0000;\">Continue ao nosso lado. Veja mais not\u00edcias em:<\/span> <span style=\"color: #0000ff;\"><u><a href=\"http:\/\/www.mspontocom.com.br\/\">www.mspontocom.com.br<\/a><\/u><\/span><\/span><\/span><\/p>\n<p style=\"text-align: justify;\" align=\"justify\"><span style=\"font-family: Times New Roman, serif;\"><span style=\"font-size: medium;\">Instagram e X:\u00a0 @mspontocom<\/span><\/span><\/p>\n<p style=\"text-align: justify;\">As informa\u00e7\u00f5es s\u00e3o da CNN Brasil.<\/p>\n","protected":false},"excerpt":{"rendered":"<p>O governo do presidente Lula contratou a OEI (Organiza\u00e7\u00e3o dos Estados Ibero-Americanos), com sede na Espanha, para organizar a COP30 em Bel\u00e9m (PA). O acordo custou R$ 478,3 milh\u00f5es para o Brasil. SEM LICITA\u00c7\u00c3O, CLARO \u00a0Como se trata de uma organiza\u00e7\u00e3o internacional, n\u00e3o houve processo licitat\u00f3rio \u2013ou seja, a OEI foi escolhida de forma discricion\u00e1ria [&hellip;]<\/p>\n","protected":false},"author":2,"featured_media":198074,"comment_status":"open","ping_status":"open","sticky":false,"template":"","format":"standard","meta":{"_monsterinsights_skip_tracking":false,"_monsterinsights_sitenote_active":false,"_monsterinsights_sitenote_note":"","_monsterinsights_sitenote_category":0},"categories":[6,30260,15,30259,12],"tags":[24671,42668,78,25393,35300],"aioseo_notices":[],"_links":{"self":[{"href":"http:\/\/mspontocom.com.br\/site\/wp-json\/wp\/v2\/posts\/198068"}],"collection":[{"href":"http:\/\/mspontocom.com.br\/site\/wp-json\/wp\/v2\/posts"}],"about":[{"href":"http:\/\/mspontocom.com.br\/site\/wp-json\/wp\/v2\/types\/post"}],"author":[{"embeddable":true,"href":"http:\/\/mspontocom.com.br\/site\/wp-json\/wp\/v2\/users\/2"}],"replies":[{"embeddable":true,"href":"http:\/\/mspontocom.com.br\/site\/wp-json\/wp\/v2\/comments?post=198068"}],"version-history":[{"count":2,"href":"http:\/\/mspontocom.com.br\/site\/wp-json\/wp\/v2\/posts\/198068\/revisions"}],"predecessor-version":[{"id":198075,"href":"http:\/\/mspontocom.com.br\/site\/wp-json\/wp\/v2\/posts\/198068\/revisions\/198075"}],"wp:featuredmedia":[{"embeddable":true,"href":"http:\/\/mspontocom.com.br\/site\/wp-json\/wp\/v2\/media\/198074"}],"wp:attachment":[{"href":"http:\/\/mspontocom.com.br\/site\/wp-json\/wp\/v2\/media?parent=198068"}],"wp:term":[{"taxonomy":"category","embeddable":true,"href":"http:\/\/mspontocom.com.br\/site\/wp-json\/wp\/v2\/categories?post=198068"},{"taxonomy":"post_tag","embeddable":true,"href":"http:\/\/mspontocom.com.br\/site\/wp-json\/wp\/v2\/tags?post=198068"}],"curies":[{"name":"wp","href":"https:\/\/api.w.org\/{rel}","templated":true}]}}