{"id":198082,"date":"2025-03-02T08:19:55","date_gmt":"2025-03-02T12:19:55","guid":{"rendered":"https:\/\/mspontocom.com.br\/site\/?p=198082"},"modified":"2025-03-02T08:19:55","modified_gmt":"2025-03-02T12:19:55","slug":"sergio-moro-defende-governo-forte-contra-pt-em-2026","status":"publish","type":"post","link":"http:\/\/mspontocom.com.br\/site\/sergio-moro-defende-governo-forte-contra-pt-em-2026\/","title":{"rendered":"Sergio Moro defende governo \u201cforte\u201d contra PT em 2026"},"content":{"rendered":"<p style=\"text-align: justify;\"><img loading=\"lazy\" class=\"alignnone size-full wp-image-198083\" src=\"https:\/\/mspontocom.com.br\/site\/wp-content\/uploads\/2025\/03\/site-moro-defende-governo-forte-contra-pt-em-2026-moro-x-lula.webp\" alt=\"\" width=\"1200\" height=\"720\" srcset=\"http:\/\/mspontocom.com.br\/site\/wp-content\/uploads\/2025\/03\/site-moro-defende-governo-forte-contra-pt-em-2026-moro-x-lula.webp 1200w, http:\/\/mspontocom.com.br\/site\/wp-content\/uploads\/2025\/03\/site-moro-defende-governo-forte-contra-pt-em-2026-moro-x-lula-260x156.webp 260w, http:\/\/mspontocom.com.br\/site\/wp-content\/uploads\/2025\/03\/site-moro-defende-governo-forte-contra-pt-em-2026-moro-x-lula-1024x614.webp 1024w, http:\/\/mspontocom.com.br\/site\/wp-content\/uploads\/2025\/03\/site-moro-defende-governo-forte-contra-pt-em-2026-moro-x-lula-768x461.webp 768w\" sizes=\"(max-width: 1200px) 100vw, 1200px\" \/>O senador <strong>Sergio Moro<\/strong> (Uni\u00e3o-PR) afirmou \u00e0\u00a0<strong>CNN<\/strong>, que a escolha dele pela popula\u00e7\u00e3o do Paran\u00e1 como favorito ao governo do estado reflete a preocupa\u00e7\u00e3o dos paranaenses sobre uma poss\u00edvel reelei\u00e7\u00e3o do<strong> Partido dos Trabalhadores (PT)<\/strong> no governo federal.<\/p>\n<p style=\"text-align: justify;\">De acordo com a pesquisa Quaest, Moro \u00e9 o preferido do eleitorado paranaense.<\/p>\n<p style=\"text-align: justify;\">A Paran\u00e1 Pesquisas indica que Moro \u00e9 eleito, em todos cen\u00e1rios, independentemente do advers\u00e1rio.<\/p>\n<blockquote><p><em>\u201cFico honrado com o reconhecimento do hist\u00f3rico de meu trabalho como juiz, ministro e senador. Tamb\u00e9m reflete a percep\u00e7\u00e3o do eleitorado que em 2026 precisaremos de um<strong> governador forte para proteger o Paran\u00e1 dos descalabros da eventual continuidade do PT<\/strong> no comando do pa\u00eds e a escalada da criminalidade\u201d, disse.<\/em><\/p><\/blockquote>\n<p align=\"justify\"><span style=\"font-family: Times New Roman, serif;\"><span style=\"font-size: medium;\"><span style=\"color: #ff0000;\">Continue ao nosso lado. Veja mais not\u00edcias em:<\/span> <span style=\"color: #0000ff;\"><u><a href=\"http:\/\/www.mspontocom.com.br\/\">www.mspontocom.com.br<\/a><\/u><\/span><\/span><\/span><\/p>\n<p align=\"justify\"><span style=\"font-family: Times New Roman, serif;\"><span style=\"font-size: medium;\">Instagram e X:\u00a0 @mspontocom<\/span><\/span><\/p>\n<p>&nbsp;<\/p>\n","protected":false},"excerpt":{"rendered":"<p>O senador Sergio Moro (Uni\u00e3o-PR) afirmou \u00e0\u00a0CNN, que a escolha dele pela popula\u00e7\u00e3o do Paran\u00e1 como favorito ao governo do estado reflete a preocupa\u00e7\u00e3o dos paranaenses sobre uma poss\u00edvel reelei\u00e7\u00e3o do Partido dos Trabalhadores (PT) no governo federal. De acordo com a pesquisa Quaest, Moro \u00e9 o preferido do eleitorado paranaense. A Paran\u00e1 Pesquisas indica [&hellip;]<\/p>\n","protected":false},"author":2,"featured_media":198083,"comment_status":"open","ping_status":"open","sticky":false,"template":"","format":"standard","meta":{"_monsterinsights_skip_tracking":false,"_monsterinsights_sitenote_active":false,"_monsterinsights_sitenote_note":"","_monsterinsights_sitenote_category":0},"categories":[6,30260,30259,12],"tags":[34531,23797,24612,42670,533,20193],"aioseo_notices":[],"_links":{"self":[{"href":"http:\/\/mspontocom.com.br\/site\/wp-json\/wp\/v2\/posts\/198082"}],"collection":[{"href":"http:\/\/mspontocom.com.br\/site\/wp-json\/wp\/v2\/posts"}],"about":[{"href":"http:\/\/mspontocom.com.br\/site\/wp-json\/wp\/v2\/types\/post"}],"author":[{"embeddable":true,"href":"http:\/\/mspontocom.com.br\/site\/wp-json\/wp\/v2\/users\/2"}],"replies":[{"embeddable":true,"href":"http:\/\/mspontocom.com.br\/site\/wp-json\/wp\/v2\/comments?post=198082"}],"version-history":[{"count":2,"href":"http:\/\/mspontocom.com.br\/site\/wp-json\/wp\/v2\/posts\/198082\/revisions"}],"predecessor-version":[{"id":198085,"href":"http:\/\/mspontocom.com.br\/site\/wp-json\/wp\/v2\/posts\/198082\/revisions\/198085"}],"wp:featuredmedia":[{"embeddable":true,"href":"http:\/\/mspontocom.com.br\/site\/wp-json\/wp\/v2\/media\/198083"}],"wp:attachment":[{"href":"http:\/\/mspontocom.com.br\/site\/wp-json\/wp\/v2\/media?parent=198082"}],"wp:term":[{"taxonomy":"category","embeddable":true,"href":"http:\/\/mspontocom.com.br\/site\/wp-json\/wp\/v2\/categories?post=198082"},{"taxonomy":"post_tag","embeddable":true,"href":"http:\/\/mspontocom.com.br\/site\/wp-json\/wp\/v2\/tags?post=198082"}],"curies":[{"name":"wp","href":"https:\/\/api.w.org\/{rel}","templated":true}]}}