{"id":198155,"date":"2025-03-06T06:53:32","date_gmt":"2025-03-06T10:53:32","guid":{"rendered":"https:\/\/mspontocom.com.br\/site\/?p=198155"},"modified":"2025-03-06T06:53:32","modified_gmt":"2025-03-06T10:53:32","slug":"lula-perde-apoio-de-lulistas-e-nordestinos-e-desaprovacao-dispara","status":"publish","type":"post","link":"http:\/\/mspontocom.com.br\/site\/lula-perde-apoio-de-lulistas-e-nordestinos-e-desaprovacao-dispara\/","title":{"rendered":"Lula perde apoio de lulistas e nordestinos e desaprova\u00e7\u00e3o dispara"},"content":{"rendered":"<p style=\"text-align: justify;\"><img loading=\"lazy\" class=\"alignnone size-full wp-image-198156\" src=\"https:\/\/mspontocom.com.br\/site\/wp-content\/uploads\/2025\/03\/site-lula-perde-apoio-de-lulistas-e-nordestinos-e-desaprovacao-dispara-lula-desespero.png\" alt=\"\" width=\"977\" height=\"645\" srcset=\"http:\/\/mspontocom.com.br\/site\/wp-content\/uploads\/2025\/03\/site-lula-perde-apoio-de-lulistas-e-nordestinos-e-desaprovacao-dispara-lula-desespero.png 977w, http:\/\/mspontocom.com.br\/site\/wp-content\/uploads\/2025\/03\/site-lula-perde-apoio-de-lulistas-e-nordestinos-e-desaprovacao-dispara-lula-desespero-260x172.png 260w, http:\/\/mspontocom.com.br\/site\/wp-content\/uploads\/2025\/03\/site-lula-perde-apoio-de-lulistas-e-nordestinos-e-desaprovacao-dispara-lula-desespero-768x507.png 768w\" sizes=\"(max-width: 977px) 100vw, 977px\" \/>O governo do presidente <strong>Lula<\/strong> entrou na 2\u00aa metade do seu mandato com rejei\u00e7\u00e3o recorde e perda de apoio em grupos que o ajudaram a se eleger em 2022.<\/p>\n<p style=\"text-align: justify;\">Dados da pesquisa PoderData mostram que 51% dos eleitores declaram \u201cdesaprovar\u201d a gest\u00e3o petista, enquanto 42% dizem \u201caprovar\u201d.<\/p>\n<p style=\"text-align: justify;\">\u00c9 a 3\u00aa vez desde a posse, em janeiro de 2023, que a taxa de desaprova\u00e7\u00e3o supera a de aprova\u00e7\u00e3o.<\/p>\n<p style=\"text-align: justify;\"><strong>Desta vez, entretanto, o cen\u00e1rio \u00e9 mais cr\u00edtico.\u00a0<\/strong><\/p>\n<p style=\"text-align: justify;\">Os recortes demogr\u00e1ficos da pesquisa indicam que a queda na popularidade registrada na popula\u00e7\u00e3o geral est\u00e1 relacionada \u00e0 perda de apoio do petista em grupos considerados esteios para o governo: quem votou no petista em 2022 e, em especial, os eleitores moradores do Nordeste.<\/p>\n<p style=\"text-align: justify;\"><span style=\"font-size: 18pt;\"><strong>Lulistas <\/strong><\/span><\/p>\n<p style=\"text-align: justify;\">Dentre os eleitores que declaram ter votado em Lula (PT) na elei\u00e7\u00e3o presidencial, 23% dizem agora desaprovar a gest\u00e3o. Eram 10% no in\u00edcio do mandato. No per\u00edodo, a taxa dos que afirmam aprovar caiu de 87% para 73%&#8230;.<\/p>\n<p style=\"text-align: justify;\"><span style=\"font-size: 18pt;\"><strong>Nordestinos <\/strong><\/span><\/p>\n<p style=\"text-align: justify;\">Dentre os moradores da regi\u00e3o Nordeste, considerada reduto eleitoral hist\u00f3rico do petista, os percentuais de desaprova\u00e7\u00e3o subiram 8 pontos percentuais desde a posse.<\/p>\n<p style=\"text-align: justify;\">Foram de 35% para 43%. O gap entre os que apoiam e rejeitam o petista, que era de 20 pontos percentuais em 2023, despencou para 8 pontos percentuais agora.<\/p>\n<p style=\"text-align: justify;\">Foram 2.500 entrevistas completas em 219 munic\u00edpios nas 27 unidades da Federa\u00e7\u00e3o. A margem de erro \u00e9 de 2 pontos percentuais. O intervalo de confian\u00e7a \u00e9 de 95%.<\/p>\n<p align=\"justify\"><span style=\"font-family: Times New Roman, serif;\"><span style=\"font-size: medium;\"><span style=\"color: #ff0000;\">Continue ao nosso lado. Veja mais not\u00edcias em:<\/span> <span style=\"color: #0000ff;\"><u><a href=\"http:\/\/www.mspontocom.com.br\/\">www.mspontocom.com.br<\/a><\/u><\/span><\/span><\/span><\/p>\n<p align=\"justify\"><span style=\"font-family: Times New Roman, serif;\"><span style=\"font-size: medium;\">Instagram e X:\u00a0 @mspontocom<\/span><\/span><\/p>\n","protected":false},"excerpt":{"rendered":"<p>O governo do presidente Lula entrou na 2\u00aa metade do seu mandato com rejei\u00e7\u00e3o recorde e perda de apoio em grupos que o ajudaram a se eleger em 2022. Dados da pesquisa PoderData mostram que 51% dos eleitores declaram \u201cdesaprovar\u201d a gest\u00e3o petista, enquanto 42% dizem \u201caprovar\u201d. \u00c9 a 3\u00aa vez desde a posse, em [&hellip;]<\/p>\n","protected":false},"author":2,"featured_media":198156,"comment_status":"open","ping_status":"open","sticky":false,"template":"","format":"standard","meta":{"_monsterinsights_skip_tracking":false,"_monsterinsights_sitenote_active":false,"_monsterinsights_sitenote_note":"","_monsterinsights_sitenote_category":0},"categories":[6,30260,30259,12],"tags":[42690,480,12854,32575,42689],"aioseo_notices":[],"_links":{"self":[{"href":"http:\/\/mspontocom.com.br\/site\/wp-json\/wp\/v2\/posts\/198155"}],"collection":[{"href":"http:\/\/mspontocom.com.br\/site\/wp-json\/wp\/v2\/posts"}],"about":[{"href":"http:\/\/mspontocom.com.br\/site\/wp-json\/wp\/v2\/types\/post"}],"author":[{"embeddable":true,"href":"http:\/\/mspontocom.com.br\/site\/wp-json\/wp\/v2\/users\/2"}],"replies":[{"embeddable":true,"href":"http:\/\/mspontocom.com.br\/site\/wp-json\/wp\/v2\/comments?post=198155"}],"version-history":[{"count":1,"href":"http:\/\/mspontocom.com.br\/site\/wp-json\/wp\/v2\/posts\/198155\/revisions"}],"predecessor-version":[{"id":198157,"href":"http:\/\/mspontocom.com.br\/site\/wp-json\/wp\/v2\/posts\/198155\/revisions\/198157"}],"wp:featuredmedia":[{"embeddable":true,"href":"http:\/\/mspontocom.com.br\/site\/wp-json\/wp\/v2\/media\/198156"}],"wp:attachment":[{"href":"http:\/\/mspontocom.com.br\/site\/wp-json\/wp\/v2\/media?parent=198155"}],"wp:term":[{"taxonomy":"category","embeddable":true,"href":"http:\/\/mspontocom.com.br\/site\/wp-json\/wp\/v2\/categories?post=198155"},{"taxonomy":"post_tag","embeddable":true,"href":"http:\/\/mspontocom.com.br\/site\/wp-json\/wp\/v2\/tags?post=198155"}],"curies":[{"name":"wp","href":"https:\/\/api.w.org\/{rel}","templated":true}]}}