{"id":198529,"date":"2025-03-24T05:08:03","date_gmt":"2025-03-24T09:08:03","guid":{"rendered":"https:\/\/mspontocom.com.br\/site\/?p=198529"},"modified":"2025-03-24T05:08:03","modified_gmt":"2025-03-24T09:08:03","slug":"abertas-inscricoes-gratuitas-para-o-15o-forum-da-internet-no-brasil","status":"publish","type":"post","link":"http:\/\/mspontocom.com.br\/site\/abertas-inscricoes-gratuitas-para-o-15o-forum-da-internet-no-brasil\/","title":{"rendered":"Abertas inscri\u00e7\u00f5es gratuitas para o 15\u00ba F\u00f3rum da Internet no Brasil"},"content":{"rendered":"<p style=\"text-align: justify;\"><img loading=\"lazy\" class=\"alignnone size-full wp-image-198530\" src=\"https:\/\/mspontocom.com.br\/site\/wp-content\/uploads\/2025\/03\/site-abertas-inscricoes-gratuitas-para-o-15o-forum-da-internet-no-brasil-fib.png\" alt=\"\" width=\"198\" height=\"117\" \/><\/p>\n<p style=\"text-align: justify;\">O <strong>15\u00ba F\u00f3rum da Internet no Brasil (FIB15)<\/strong>, que acontecer\u00e1 de 26 a 30 de maio, em Salvador (BA), j\u00e1 est\u00e1 com inscri\u00e7\u00f5es abertas.<\/p>\n<p style=\"text-align: justify;\">Realizado pelo Comit\u00ea Gestor da Internet no Brasil (CGI.br), o FIB \u00e9 um dos mais importantes espa\u00e7os de debates e di\u00e1logos multissetoriais no pa\u00eds sobre temas ligados ao uso e desenvolvimento do ambiente digital.<\/p>\n<p style=\"text-align: justify;\">\u00c9 ainda uma atividade preparat\u00f3ria para o F\u00f3rum de Governan\u00e7a da Internet (IGF \u2013\u00a0<em>Internet Governance Forum<\/em>), da <strong>Organiza\u00e7\u00e3o das Na\u00e7\u00f5es Unidas (ONU).<\/strong><\/p>\n<p style=\"text-align: justify;\">O FIB conta com uma programa\u00e7\u00e3o constru\u00edda de maneira colaborativa, a partir da sele\u00e7\u00e3o de propostas de\u00a0<em>workshops<\/em>\u00a0enviadas de todas as regi\u00f5es do territ\u00f3rio nacional e por representantes dos setores governamental, empresarial, terceiro setor e comunidade cient\u00edfica e tecnol\u00f3gica.<\/p>\n<p style=\"text-align: justify;\">Para se inscrever gratuitamente no FIB15, acesse o site oficial do evento:\u00a0<a href=\"https:\/\/fib.cgi.br\/fib15\" target=\"_blank\" rel=\"noopener\" data-saferedirecturl=\"https:\/\/www.google.com\/url?q=https:\/\/fib.cgi.br\/fib15&amp;source=gmail&amp;ust=1742892317956000&amp;usg=AOvVaw0-ePf1SUKz78XJzRN-52BH\">https:\/\/fib.cgi.br\/fib15<\/a><\/p>\n<p style=\"text-align: justify;\">Para saber mais sobre o processo de avalia\u00e7\u00e3o das propostas, acesse:\u00a0<a href=\"https:\/\/fib.cgi.br\/informes\/saiba-mais-sobre-a-comissao-de-avaliacao-do-fib15\" target=\"_blank\" rel=\"noopener\" data-saferedirecturl=\"https:\/\/www.google.com\/url?q=https:\/\/fib.cgi.br\/informes\/saiba-mais-sobre-a-comissao-de-avaliacao-do-fib15&amp;source=gmail&amp;ust=1742892317956000&amp;usg=AOvVaw3-PSZ3EbE5Yc6TYOGxnP3Q\">https:\/\/fib.cgi.br\/informes\/<wbr \/>saiba-mais-sobre-a-comissao-<wbr \/>de-avaliacao-do-fib15<\/a><\/p>\n<p style=\"text-align: justify;\">Confira a rela\u00e7\u00e3o completa e os detalhes de cada proposta selecionada: \u00a0<a href=\"https:\/\/fib.cgi.br\/fib15\/propostas-de-workshops-selecionados-fib15\" target=\"_blank\" rel=\"noopener\" data-saferedirecturl=\"https:\/\/www.google.com\/url?q=https:\/\/fib.cgi.br\/fib15\/propostas-de-workshops-selecionados-fib15&amp;source=gmail&amp;ust=1742892317956000&amp;usg=AOvVaw3rBwQHQy33DQSfons4pd87\">https:\/\/fib.cgi.br\/fib15\/<wbr \/>propostas-de-workshops-<wbr \/>selecionados-fib15<\/a>.<\/p>\n<p>&nbsp;<\/p>\n<p align=\"justify\"><span style=\"font-family: Times New Roman, serif;\"><span style=\"font-size: medium;\"><span style=\"color: #ff0000;\">Continue em nossa companhia . Veja mais not\u00edcias em<\/span>: <span style=\"color: #0000ff;\"><u><a href=\"http:\/\/www.mspontocom.com.br\/\">www.mspontocom.com.br<\/a><\/u><\/span><\/span><\/span><\/p>\n<p align=\"justify\"><span style=\"font-family: Times New Roman, serif;\"><span style=\"font-size: medium;\">Instagram e X:\u00a0 @mspontocom<\/span><\/span><\/p>\n<p>&nbsp;<\/p>\n","protected":false},"excerpt":{"rendered":"<p>O 15\u00ba F\u00f3rum da Internet no Brasil (FIB15), que acontecer\u00e1 de 26 a 30 de maio, em Salvador (BA), j\u00e1 est\u00e1 com inscri\u00e7\u00f5es abertas. Realizado pelo Comit\u00ea Gestor da Internet no Brasil (CGI.br), o FIB \u00e9 um dos mais importantes espa\u00e7os de debates e di\u00e1logos multissetoriais no pa\u00eds sobre temas ligados ao uso e desenvolvimento [&hellip;]<\/p>\n","protected":false},"author":2,"featured_media":198530,"comment_status":"open","ping_status":"open","sticky":false,"template":"","format":"standard","meta":{"_monsterinsights_skip_tracking":false,"_monsterinsights_sitenote_active":false,"_monsterinsights_sitenote_note":"","_monsterinsights_sitenote_category":0},"categories":[70],"tags":[42765,42766,455],"aioseo_notices":[],"_links":{"self":[{"href":"http:\/\/mspontocom.com.br\/site\/wp-json\/wp\/v2\/posts\/198529"}],"collection":[{"href":"http:\/\/mspontocom.com.br\/site\/wp-json\/wp\/v2\/posts"}],"about":[{"href":"http:\/\/mspontocom.com.br\/site\/wp-json\/wp\/v2\/types\/post"}],"author":[{"embeddable":true,"href":"http:\/\/mspontocom.com.br\/site\/wp-json\/wp\/v2\/users\/2"}],"replies":[{"embeddable":true,"href":"http:\/\/mspontocom.com.br\/site\/wp-json\/wp\/v2\/comments?post=198529"}],"version-history":[{"count":1,"href":"http:\/\/mspontocom.com.br\/site\/wp-json\/wp\/v2\/posts\/198529\/revisions"}],"predecessor-version":[{"id":198531,"href":"http:\/\/mspontocom.com.br\/site\/wp-json\/wp\/v2\/posts\/198529\/revisions\/198531"}],"wp:featuredmedia":[{"embeddable":true,"href":"http:\/\/mspontocom.com.br\/site\/wp-json\/wp\/v2\/media\/198530"}],"wp:attachment":[{"href":"http:\/\/mspontocom.com.br\/site\/wp-json\/wp\/v2\/media?parent=198529"}],"wp:term":[{"taxonomy":"category","embeddable":true,"href":"http:\/\/mspontocom.com.br\/site\/wp-json\/wp\/v2\/categories?post=198529"},{"taxonomy":"post_tag","embeddable":true,"href":"http:\/\/mspontocom.com.br\/site\/wp-json\/wp\/v2\/tags?post=198529"}],"curies":[{"name":"wp","href":"https:\/\/api.w.org\/{rel}","templated":true}]}}