{"id":198871,"date":"2025-04-05T06:47:24","date_gmt":"2025-04-05T10:47:24","guid":{"rendered":"https:\/\/mspontocom.com.br\/site\/?p=198871"},"modified":"2025-04-05T06:47:24","modified_gmt":"2025-04-05T10:47:24","slug":"eduardo-bolsonaro-promete-pressao-nos-eua-contra-moraes","status":"publish","type":"post","link":"http:\/\/mspontocom.com.br\/site\/eduardo-bolsonaro-promete-pressao-nos-eua-contra-moraes\/","title":{"rendered":"Eduardo Bolsonaro promete press\u00e3o nos EUA contra Moraes"},"content":{"rendered":"<p style=\"text-align: justify;\"><img loading=\"lazy\" class=\"alignnone size-full wp-image-198881\" src=\"http:\/\/mspontocom.com.br\/site\/wp-content\/uploads\/2025\/04\/site-eduardo-bolsonaro-promete-pressao-nos-eua-contra-moraes-edu.jpg\" alt=\"\" width=\"675\" height=\"450\" srcset=\"http:\/\/mspontocom.com.br\/site\/wp-content\/uploads\/2025\/04\/site-eduardo-bolsonaro-promete-pressao-nos-eua-contra-moraes-edu.jpg 675w, http:\/\/mspontocom.com.br\/site\/wp-content\/uploads\/2025\/04\/site-eduardo-bolsonaro-promete-pressao-nos-eua-contra-moraes-edu-260x173.jpg 260w\" sizes=\"(max-width: 675px) 100vw, 675px\" \/>Em entrevista nesta sexta-feira (4), o deputado federal licenciado <strong>Eduardo Bolsonaro (PL-SP)<\/strong> acusou o ministro do STF, <strong><a class=\"st_tag internal_tag \" title=\"Veja mais postagens sobre Alexandre de Moraes\" href=\"https:\/\/www.folhadestra.com\/tag\/alexandre-de-moraes\/\" rel=\"tag\">Alexandre de Moraes<\/a><\/strong>\u00a0, de exercer\u00a0press\u00e3o pol\u00edtica sobre o presidente da C\u00e2mara dos Deputados, Hugo Motta.<\/p>\n<p style=\"text-align: justify;\">Segundo ele, Moraes teria influenciado uma mudan\u00e7a de postura de Motta em rela\u00e7\u00e3o ao projeto de anistia aos condenados pelos atos de 8 de janeiro.<\/p>\n<h3 id=\"h-atua-o-pol-tica-internacional-e-poss-vel-ren-ncia\" class=\"wp-block-heading\" style=\"text-align: justify;\"><span style=\"font-size: 18pt;\"><strong>Atua\u00e7\u00e3o pol\u00edtica internacional e poss\u00edvel ren\u00fancia<\/strong><\/span><\/h3>\n<p style=\"text-align: justify;\">Licenciado do cargo de deputado federal, Eduardo Bolsonaro justificou sua perman\u00eancia nos Estados Unidos como parte de sua\u00a0<strong>estrat\u00e9gia para combater supostos abusos do Judici\u00e1rio brasileiro, especialmente de Alexandre de Moraes<\/strong>\u00a0.<\/p>\n<p style=\"text-align: justify;\">Ele afirmou que a atua\u00e7\u00e3o fora do Brasil \u00e9 necess\u00e1ria por raz\u00f5es de seguran\u00e7a e articula\u00e7\u00e3o pol\u00edtica.<\/p>\n<blockquote class=\"wp-block-quote is-layout-flow wp-block-quote-is-layout-flow\"><p>\u201cSe o Alexandre de Moraes tirar meu passaporte, eu ia ficar preso no Brasil. As reuni\u00f5es que eu fa\u00e7o aqui n\u00e3o t\u00eam como serem feitas por videochamada. \u00c9 por quest\u00e3o de seguran\u00e7a.\u201d<\/p><\/blockquote>\n<p style=\"text-align: justify;\">Eduardo tamb\u00e9m declarou que\u00a0cogita renunciar ao mandato parlamentar\u00a0para se dedicar integralmente \u00e0 articula\u00e7\u00e3o pol\u00edtica internacional.<\/p>\n<p style=\"text-align: justify;\" align=\"justify\"><span style=\"font-family: Times New Roman, serif;\"><span style=\"font-size: medium;\"><span style=\"color: #ff0000;\">Continue em nossa companhia . Veja mais not\u00edcias em:<\/span> <span style=\"color: #0000ff;\"><u><a href=\"http:\/\/www.mspontocom.com.br\/\">www.mspontocom.com.br<\/a><\/u><\/span><\/span><\/span><\/p>\n<p style=\"text-align: justify;\" align=\"justify\"><span style=\"font-family: Times New Roman, serif;\"><span style=\"font-size: medium;\">Instagram e X:\u00a0 @mspontocom<\/span><\/span><\/p>\n","protected":false},"excerpt":{"rendered":"<p>Em entrevista nesta sexta-feira (4), o deputado federal licenciado Eduardo Bolsonaro (PL-SP) acusou o ministro do STF, Alexandre de Moraes\u00a0, de exercer\u00a0press\u00e3o pol\u00edtica sobre o presidente da C\u00e2mara dos Deputados, Hugo Motta. Segundo ele, Moraes teria influenciado uma mudan\u00e7a de postura de Motta em rela\u00e7\u00e3o ao projeto de anistia aos condenados pelos atos de 8 [&hellip;]<\/p>\n","protected":false},"author":2,"featured_media":198881,"comment_status":"open","ping_status":"open","sticky":false,"template":"","format":"standard","meta":{"_monsterinsights_skip_tracking":false,"_monsterinsights_sitenote_active":false,"_monsterinsights_sitenote_note":"","_monsterinsights_sitenote_category":0},"categories":[30260,7,30259,12],"tags":[32674,1539,35247,8260],"aioseo_notices":[],"_links":{"self":[{"href":"http:\/\/mspontocom.com.br\/site\/wp-json\/wp\/v2\/posts\/198871"}],"collection":[{"href":"http:\/\/mspontocom.com.br\/site\/wp-json\/wp\/v2\/posts"}],"about":[{"href":"http:\/\/mspontocom.com.br\/site\/wp-json\/wp\/v2\/types\/post"}],"author":[{"embeddable":true,"href":"http:\/\/mspontocom.com.br\/site\/wp-json\/wp\/v2\/users\/2"}],"replies":[{"embeddable":true,"href":"http:\/\/mspontocom.com.br\/site\/wp-json\/wp\/v2\/comments?post=198871"}],"version-history":[{"count":2,"href":"http:\/\/mspontocom.com.br\/site\/wp-json\/wp\/v2\/posts\/198871\/revisions"}],"predecessor-version":[{"id":198882,"href":"http:\/\/mspontocom.com.br\/site\/wp-json\/wp\/v2\/posts\/198871\/revisions\/198882"}],"wp:featuredmedia":[{"embeddable":true,"href":"http:\/\/mspontocom.com.br\/site\/wp-json\/wp\/v2\/media\/198881"}],"wp:attachment":[{"href":"http:\/\/mspontocom.com.br\/site\/wp-json\/wp\/v2\/media?parent=198871"}],"wp:term":[{"taxonomy":"category","embeddable":true,"href":"http:\/\/mspontocom.com.br\/site\/wp-json\/wp\/v2\/categories?post=198871"},{"taxonomy":"post_tag","embeddable":true,"href":"http:\/\/mspontocom.com.br\/site\/wp-json\/wp\/v2\/tags?post=198871"}],"curies":[{"name":"wp","href":"https:\/\/api.w.org\/{rel}","templated":true}]}}