{"id":199665,"date":"2025-05-09T04:39:22","date_gmt":"2025-05-09T08:39:22","guid":{"rendered":"https:\/\/mspontocom.com.br\/site\/?p=199665"},"modified":"2025-05-09T07:47:51","modified_gmt":"2025-05-09T11:47:51","slug":"porto-abre-inscricoes-para-programa-de-formacao-da-ti","status":"publish","type":"post","link":"http:\/\/mspontocom.com.br\/site\/porto-abre-inscricoes-para-programa-de-formacao-da-ti\/","title":{"rendered":"Porto abre inscri\u00e7\u00f5es para Programa de Forma\u00e7\u00e3o da TI"},"content":{"rendered":"<p style=\"text-align: justify;\"><img loading=\"lazy\" class=\"alignnone size-full wp-image-199667\" src=\"http:\/\/mspontocom.com.br\/site\/wp-content\/uploads\/2025\/05\/site-porto-abre-inscricoes-para-programa-de-formacao-da-ti-porto.jpg\" alt=\"\" width=\"1220\" height=\"690\" srcset=\"http:\/\/mspontocom.com.br\/site\/wp-content\/uploads\/2025\/05\/site-porto-abre-inscricoes-para-programa-de-formacao-da-ti-porto.jpg 1220w, http:\/\/mspontocom.com.br\/site\/wp-content\/uploads\/2025\/05\/site-porto-abre-inscricoes-para-programa-de-formacao-da-ti-porto-260x147.jpg 260w, http:\/\/mspontocom.com.br\/site\/wp-content\/uploads\/2025\/05\/site-porto-abre-inscricoes-para-programa-de-formacao-da-ti-porto-1024x579.jpg 1024w, http:\/\/mspontocom.com.br\/site\/wp-content\/uploads\/2025\/05\/site-porto-abre-inscricoes-para-programa-de-formacao-da-ti-porto-768x434.jpg 768w\" sizes=\"(max-width: 1220px) 100vw, 1220px\" \/>A Porto abriu inscri\u00e7\u00f5es para a 18\u00aa edi\u00e7\u00e3o do seu tradicional Programa de Forma\u00e7\u00e3o da TI, iniciativa que, h\u00e1 18 anos, capacita novos talentos para o mercado de tecnologia.<\/p>\n<p style=\"text-align: justify;\">O programa oferece 40 vagas para capacita\u00e7\u00e3o, com possibilidade de contrata\u00e7\u00e3o ao final do processo.<\/p>\n<p style=\"text-align: justify;\">Neste ano, a trilha de aprendizado ser\u00e1 focada em Full Stack e Analytics, em parceria com a SoulCode Academy, edtech brasileira com foco na democratiza\u00e7\u00e3o do ensino digital.<\/p>\n<p style=\"text-align: justify;\"><strong>Requisitos e trilha de desenvolvimento<\/strong><\/p>\n<p style=\"text-align: justify;\">O processo seletivo conta com cinco etapas: inscri\u00e7\u00e3o, teste de l\u00f3gica, teste t\u00e9cnico, envio de v\u00eddeo, din\u00e2mica em grupo e entrevista. Podem participar candidatos a partir de 18 anos, residentes em S\u00e3o Paulo (capital) ou na Grande S\u00e3o Paulo, com forma\u00e7\u00e3o superior completa ou em andamento em cursos da \u00e1rea de tecnologia.<\/p>\n<p style=\"text-align: justify;\">O programa tamb\u00e9m contempla vagas afirmativas para pessoas com defici\u00eancia e oferece um ambiente de aprendizado acess\u00edvel, com int\u00e9rprete de Libras, legendas nas aulas e uso do leitor de tela NVDA.<\/p>\n<p style=\"text-align: justify;\">Al\u00e9m de uma equipe capacitada para compreender os desafios individuais e oferecer suporte cont\u00ednuo.<\/p>\n<p style=\"text-align: justify;\">As inscri\u00e7\u00f5es est\u00e3o abertas at\u00e9 o dia 25 de maio e devem ser feitas por meio do site: \u00a0<a href=\"http:\/\/porto.vc\/programadeformacaodati2025\" target=\"_blank\" rel=\"noopener\" data-saferedirecturl=\"https:\/\/www.google.com\/url?q=http:\/\/porto.vc\/programadeformacaodati2025&amp;source=gmail&amp;ust=1746874810345000&amp;usg=AOvVaw3KlpCOdvWawE3hykNRBkbS\">http:\/\/porto.vc\/<wbr \/>programadeformacaodati2025<\/a><\/p>\n<p style=\"text-align: justify;\">\n<p style=\"text-align: justify;\" align=\"justify\"><span style=\"font-family: Times New Roman, serif;\"><span style=\"font-size: medium;\"><span style=\"color: #ff0000;\">Continue em nossa companhia . Veja mais not\u00edcias em:<\/span> <span style=\"color: #0000ff;\"><u><a href=\"http:\/\/www.mspontocom.com.br\/\">www.mspontocom.com.br<\/a><\/u><\/span><\/span><\/span><\/p>\n<p align=\"justify\"><span style=\"font-family: Times New Roman, serif;\"><span style=\"font-size: medium;\">Instagram e X:\u00a0 @mspontocom<\/span><\/span><\/p>\n","protected":false},"excerpt":{"rendered":"<p>A Porto abriu inscri\u00e7\u00f5es para a 18\u00aa edi\u00e7\u00e3o do seu tradicional Programa de Forma\u00e7\u00e3o da TI, iniciativa que, h\u00e1 18 anos, capacita novos talentos para o mercado de tecnologia. O programa oferece 40 vagas para capacita\u00e7\u00e3o, com possibilidade de contrata\u00e7\u00e3o ao final do processo. Neste ano, a trilha de aprendizado ser\u00e1 focada em Full Stack [&hellip;]<\/p>\n","protected":false},"author":2,"featured_media":199667,"comment_status":"open","ping_status":"open","sticky":false,"template":"","format":"standard","meta":{"_monsterinsights_skip_tracking":false,"_monsterinsights_sitenote_active":false,"_monsterinsights_sitenote_note":"","_monsterinsights_sitenote_category":0},"categories":[70],"tags":[13847,1959,5656],"aioseo_notices":[],"_links":{"self":[{"href":"http:\/\/mspontocom.com.br\/site\/wp-json\/wp\/v2\/posts\/199665"}],"collection":[{"href":"http:\/\/mspontocom.com.br\/site\/wp-json\/wp\/v2\/posts"}],"about":[{"href":"http:\/\/mspontocom.com.br\/site\/wp-json\/wp\/v2\/types\/post"}],"author":[{"embeddable":true,"href":"http:\/\/mspontocom.com.br\/site\/wp-json\/wp\/v2\/users\/2"}],"replies":[{"embeddable":true,"href":"http:\/\/mspontocom.com.br\/site\/wp-json\/wp\/v2\/comments?post=199665"}],"version-history":[{"count":2,"href":"http:\/\/mspontocom.com.br\/site\/wp-json\/wp\/v2\/posts\/199665\/revisions"}],"predecessor-version":[{"id":199668,"href":"http:\/\/mspontocom.com.br\/site\/wp-json\/wp\/v2\/posts\/199665\/revisions\/199668"}],"wp:featuredmedia":[{"embeddable":true,"href":"http:\/\/mspontocom.com.br\/site\/wp-json\/wp\/v2\/media\/199667"}],"wp:attachment":[{"href":"http:\/\/mspontocom.com.br\/site\/wp-json\/wp\/v2\/media?parent=199665"}],"wp:term":[{"taxonomy":"category","embeddable":true,"href":"http:\/\/mspontocom.com.br\/site\/wp-json\/wp\/v2\/categories?post=199665"},{"taxonomy":"post_tag","embeddable":true,"href":"http:\/\/mspontocom.com.br\/site\/wp-json\/wp\/v2\/tags?post=199665"}],"curies":[{"name":"wp","href":"https:\/\/api.w.org\/{rel}","templated":true}]}}