{"id":199844,"date":"2025-05-19T05:56:40","date_gmt":"2025-05-19T09:56:40","guid":{"rendered":"https:\/\/mspontocom.com.br\/site\/?p=199844"},"modified":"2025-05-19T05:56:40","modified_gmt":"2025-05-19T09:56:40","slug":"desemprego-sobe-em-12-estados-e-alcanca-7-aponta-ibge","status":"publish","type":"post","link":"http:\/\/mspontocom.com.br\/site\/desemprego-sobe-em-12-estados-e-alcanca-7-aponta-ibge\/","title":{"rendered":"Desemprego sobe em 12 Estados e alcan\u00e7a 7%, aponta IBGE"},"content":{"rendered":"<p style=\"text-align: justify;\"><img loading=\"lazy\" class=\"alignnone size-full wp-image-199849\" src=\"http:\/\/mspontocom.com.br\/site\/wp-content\/uploads\/2025\/05\/site-faz-o-l-desemprego-sobe-em-12-estados-e-alcanca-7-aponta-ibge-fazo-l.jpg\" alt=\"\" width=\"720\" height=\"659\" srcset=\"http:\/\/mspontocom.com.br\/site\/wp-content\/uploads\/2025\/05\/site-faz-o-l-desemprego-sobe-em-12-estados-e-alcanca-7-aponta-ibge-fazo-l.jpg 720w, http:\/\/mspontocom.com.br\/site\/wp-content\/uploads\/2025\/05\/site-faz-o-l-desemprego-sobe-em-12-estados-e-alcanca-7-aponta-ibge-fazo-l-260x238.jpg 260w\" sizes=\"(max-width: 720px) 100vw, 720px\" \/>O\u00a0<strong>desemprego voltou a crescer no Brasil<\/strong>\u00a0no primeiro trimestre de 2025, atingindo\u00a0<strong>7% da popula\u00e7\u00e3o<\/strong> economicamente ativa, segundo dados da\u00a0PNAD Cont\u00ednua do IBGE.<\/p>\n<p style=\"text-align: justify;\">O \u00edndice representa uma alta em rela\u00e7\u00e3o ao \u00faltimo trimestre de 2024, quando a taxa era de 6,2%.<\/p>\n<p style=\"text-align: justify;\">Em\u00a0<strong>12 das 27 unidades da federa\u00e7\u00e3o<\/strong>, o aumento foi considerado estatisticamente significativo.<\/p>\n<p style=\"text-align: justify;\">Os dados tamb\u00e9m revelam que\u00a0regi\u00f5es historicamente vulner\u00e1veis\u00a0seguem liderando os piores indicadores de acesso ao emprego.<\/p>\n<p style=\"text-align: justify;\">O\u00a0<strong>Nordeste<\/strong>, mais uma vez, concentrou os estados com maior desocupa\u00e7\u00e3o:<\/p>\n<ul class=\"wp-block-list\" style=\"text-align: justify;\">\n<li><strong>Pernambuco:<\/strong>\u00a011,6%<\/li>\n<li><strong>Bahia:<\/strong>\u00a010,9%<\/li>\n<li><strong>Piau\u00ed:<\/strong>\u00a010,2%<\/li>\n<\/ul>\n<p style=\"text-align: justify;\">\n<p style=\"text-align: justify;\">Al\u00e9m do desemprego, a\u00a0taxa composta de subutiliza\u00e7\u00e3o da for\u00e7a de trabalho\u00a0\u2014 que inclui\u00a0subocupados, desalentados e indispon\u00edveis\u00a0\u2014 atingiu\u00a0<strong>15,9%<\/strong>\u00a0no pa\u00eds.<\/p>\n<p style=\"text-align: justify;\">O n\u00famero escancara a realidade de milh\u00f5es de brasileiros que, embora n\u00e3o constem como oficialmente desempregados,\u00a0seguem fora do mercado de trabalho formal.<\/p>\n<p style=\"text-align: justify;\" align=\"justify\"><span style=\"font-family: Times New Roman, serif;\"><span style=\"font-size: medium;\"><span style=\"color: #ff0000;\"><strong><em>Continue em nossa companhia . Veja mais not\u00edcias em:<\/em> <\/strong><\/span><span style=\"color: #0000ff;\"><u><a href=\"http:\/\/www.mspontocom.com.br\/\">www.mspontocom.com.br<\/a><\/u><\/span><\/span><\/span><\/p>\n<p style=\"text-align: justify;\" align=\"justify\"><span style=\"font-family: Times New Roman, serif;\"><span style=\"font-size: medium;\">Instagram e X:\u00a0 @mspontocom<\/span><\/span><\/p>\n","protected":false},"excerpt":{"rendered":"<p>O\u00a0desemprego voltou a crescer no Brasil\u00a0no primeiro trimestre de 2025, atingindo\u00a07% da popula\u00e7\u00e3o economicamente ativa, segundo dados da\u00a0PNAD Cont\u00ednua do IBGE. O \u00edndice representa uma alta em rela\u00e7\u00e3o ao \u00faltimo trimestre de 2024, quando a taxa era de 6,2%. Em\u00a012 das 27 unidades da federa\u00e7\u00e3o, o aumento foi considerado estatisticamente significativo. Os dados tamb\u00e9m revelam [&hellip;]<\/p>\n","protected":false},"author":2,"featured_media":199849,"comment_status":"open","ping_status":"open","sticky":false,"template":"","format":"standard","meta":{"_monsterinsights_skip_tracking":false,"_monsterinsights_sitenote_active":false,"_monsterinsights_sitenote_note":"","_monsterinsights_sitenote_category":0},"categories":[6,30260,15,1,30259,12],"tags":[27480,1819,1338,24933],"aioseo_notices":[],"_links":{"self":[{"href":"http:\/\/mspontocom.com.br\/site\/wp-json\/wp\/v2\/posts\/199844"}],"collection":[{"href":"http:\/\/mspontocom.com.br\/site\/wp-json\/wp\/v2\/posts"}],"about":[{"href":"http:\/\/mspontocom.com.br\/site\/wp-json\/wp\/v2\/types\/post"}],"author":[{"embeddable":true,"href":"http:\/\/mspontocom.com.br\/site\/wp-json\/wp\/v2\/users\/2"}],"replies":[{"embeddable":true,"href":"http:\/\/mspontocom.com.br\/site\/wp-json\/wp\/v2\/comments?post=199844"}],"version-history":[{"count":2,"href":"http:\/\/mspontocom.com.br\/site\/wp-json\/wp\/v2\/posts\/199844\/revisions"}],"predecessor-version":[{"id":199850,"href":"http:\/\/mspontocom.com.br\/site\/wp-json\/wp\/v2\/posts\/199844\/revisions\/199850"}],"wp:featuredmedia":[{"embeddable":true,"href":"http:\/\/mspontocom.com.br\/site\/wp-json\/wp\/v2\/media\/199849"}],"wp:attachment":[{"href":"http:\/\/mspontocom.com.br\/site\/wp-json\/wp\/v2\/media?parent=199844"}],"wp:term":[{"taxonomy":"category","embeddable":true,"href":"http:\/\/mspontocom.com.br\/site\/wp-json\/wp\/v2\/categories?post=199844"},{"taxonomy":"post_tag","embeddable":true,"href":"http:\/\/mspontocom.com.br\/site\/wp-json\/wp\/v2\/tags?post=199844"}],"curies":[{"name":"wp","href":"https:\/\/api.w.org\/{rel}","templated":true}]}}