{"id":200467,"date":"2025-06-13T05:50:55","date_gmt":"2025-06-13T09:50:55","guid":{"rendered":"https:\/\/mspontocom.com.br\/site\/?p=200467"},"modified":"2025-06-13T05:50:55","modified_gmt":"2025-06-13T09:50:55","slug":"google-reage-ao-avanco-da-censura-praticada-pelo-stf","status":"publish","type":"post","link":"http:\/\/mspontocom.com.br\/site\/google-reage-ao-avanco-da-censura-praticada-pelo-stf\/","title":{"rendered":"Google reage ao avan\u00e7o da censura praticada pelo STF"},"content":{"rendered":"<p style=\"text-align: justify;\"><img loading=\"lazy\" class=\"alignnone size-full wp-image-200481\" src=\"http:\/\/mspontocom.com.br\/site\/wp-content\/uploads\/2025\/06\/site-google-reage-ao-avanco-da-censura-pelo-stf-censura2.jpeg\" alt=\"\" width=\"660\" height=\"372\" srcset=\"http:\/\/mspontocom.com.br\/site\/wp-content\/uploads\/2025\/06\/site-google-reage-ao-avanco-da-censura-pelo-stf-censura2.jpeg 660w, http:\/\/mspontocom.com.br\/site\/wp-content\/uploads\/2025\/06\/site-google-reage-ao-avanco-da-censura-pelo-stf-censura2-260x147.jpeg 260w\" sizes=\"(max-width: 660px) 100vw, 660px\" \/>O STF consolidou maioria para ampliar a responsabilidade das plataformas digitais pelo conte\u00fado postado por seus usu\u00e1rios.<\/p>\n<p style=\"text-align: justify;\">A Corte avan\u00e7ou no entendimento de que as empresas podem <strong>ser punidas judicialmente mesmo sem pr\u00e9via ordem de remo\u00e7\u00e3o do material.<\/strong><\/p>\n<p style=\"text-align: justify;\">A mudan\u00e7a no entendimento jur\u00eddico acendeu o alerta no\u00a0<strong>Google<\/strong>, que tem se articulado com autoridades dos Tr\u00eas Poderes em Bras\u00edlia.<\/p>\n<p style=\"text-align: justify;\">Kent Walker, presidente global de assuntos institucionais da empresa, afirmou que o cen\u00e1rio pode criar um precedente perigoso para a liberdade de express\u00e3o.<\/p>\n<blockquote><p><em>\u201cESPERAMOS QUE HAJA UM EQUIL\u00cdBRIO RAZO\u00c1VEL ENTRE A LIBERDADE DE EXPRESS\u00c3O TOTAL E A RESPONSABILIZA\u00c7\u00c3O SOCIAL\u201d, AFIRMOU WALKER EM ENCONTRO COM JORNALISTAS. \u201cMAS N\u00c3O QUEREMOS QUE ISSO SE TRANSFORME EM <strong>CENSURA.<\/strong> N\u00c3O QUEREMOS TER QUE RETIRAR AS SUAS REPORTAGENS DE NOSSOS SERVI\u00c7OS.\u201d<\/em><\/p><\/blockquote>\n<p style=\"text-align: justify;\">O executivo lembrou que o artigo 19 do Marco Civil da Internet estabelece que a exclus\u00e3o de conte\u00fado depende de decis\u00e3o judicial.<\/p>\n<h2 id=\"h-google-afirma-que-remover-regras-nao-reduz-conteudo-nocivo\" class=\"wp-block-heading\" style=\"text-align: justify;\"><strong>Google afirma que remover regras n\u00e3o reduz conte\u00fado nocivo<\/strong><\/h2>\n<div id=\"hd80s9wa1h892edh8192\" style=\"text-align: justify;\">\n<p>O Google tamb\u00e9m defendeu a atua\u00e7\u00e3o do Judici\u00e1rio como ferramenta leg\u00edtima para a media\u00e7\u00e3o de conflitos envolvendo discurso online.<\/p>\n<p>A empresa afirmou que \u201cabolir regras que separam a responsabilidade civil das plataformas e dos usu\u00e1rios n\u00e3o contribuir\u00e1 para o fim da circula\u00e7\u00e3o de conte\u00fados indesejados na internet\u201d.<\/p>\n<p align=\"justify\"><span style=\"font-family: Times New Roman, serif;\"><span style=\"font-size: medium;\"><span style=\"color: #ed4c05;\"><i><b>Continue em nossa companhia . Veja mais not\u00edcias em<\/b><\/i><\/span><b>:<\/b> <span style=\"color: #0000ff;\"><u><a href=\"http:\/\/www.mspontocom.com.br\/\">www.mspontocom.com.br<\/a><\/u><\/span><\/span><\/span><\/p>\n<p align=\"justify\"><span style=\"font-family: Times New Roman, serif;\"><span style=\"font-size: medium;\">Instagram e X:\u00a0 @mspontocom<\/span><\/span><\/p>\n<\/div>\n<p style=\"text-align: justify;\"><a href=\"https:\/\/revistaoeste.com\/politica\/google-reage-ao-avanco-do-stf-sobre-moderacao-de-conteudo\/\">Via Revista Oeste<\/a><\/p>\n","protected":false},"excerpt":{"rendered":"<p>O STF consolidou maioria para ampliar a responsabilidade das plataformas digitais pelo conte\u00fado postado por seus usu\u00e1rios. A Corte avan\u00e7ou no entendimento de que as empresas podem ser punidas judicialmente mesmo sem pr\u00e9via ordem de remo\u00e7\u00e3o do material. A mudan\u00e7a no entendimento jur\u00eddico acendeu o alerta no\u00a0Google, que tem se articulado com autoridades dos Tr\u00eas [&hellip;]<\/p>\n","protected":false},"author":2,"featured_media":200481,"comment_status":"open","ping_status":"open","sticky":false,"template":"","format":"standard","meta":{"_monsterinsights_skip_tracking":false,"_monsterinsights_sitenote_active":false,"_monsterinsights_sitenote_note":"","_monsterinsights_sitenote_category":0},"categories":[6,30260,2528,30259,12],"tags":[7907,1891,3014],"aioseo_notices":[],"_links":{"self":[{"href":"http:\/\/mspontocom.com.br\/site\/wp-json\/wp\/v2\/posts\/200467"}],"collection":[{"href":"http:\/\/mspontocom.com.br\/site\/wp-json\/wp\/v2\/posts"}],"about":[{"href":"http:\/\/mspontocom.com.br\/site\/wp-json\/wp\/v2\/types\/post"}],"author":[{"embeddable":true,"href":"http:\/\/mspontocom.com.br\/site\/wp-json\/wp\/v2\/users\/2"}],"replies":[{"embeddable":true,"href":"http:\/\/mspontocom.com.br\/site\/wp-json\/wp\/v2\/comments?post=200467"}],"version-history":[{"count":2,"href":"http:\/\/mspontocom.com.br\/site\/wp-json\/wp\/v2\/posts\/200467\/revisions"}],"predecessor-version":[{"id":200482,"href":"http:\/\/mspontocom.com.br\/site\/wp-json\/wp\/v2\/posts\/200467\/revisions\/200482"}],"wp:featuredmedia":[{"embeddable":true,"href":"http:\/\/mspontocom.com.br\/site\/wp-json\/wp\/v2\/media\/200481"}],"wp:attachment":[{"href":"http:\/\/mspontocom.com.br\/site\/wp-json\/wp\/v2\/media?parent=200467"}],"wp:term":[{"taxonomy":"category","embeddable":true,"href":"http:\/\/mspontocom.com.br\/site\/wp-json\/wp\/v2\/categories?post=200467"},{"taxonomy":"post_tag","embeddable":true,"href":"http:\/\/mspontocom.com.br\/site\/wp-json\/wp\/v2\/tags?post=200467"}],"curies":[{"name":"wp","href":"https:\/\/api.w.org\/{rel}","templated":true}]}}