{"id":200506,"date":"2025-06-14T06:34:51","date_gmt":"2025-06-14T10:34:51","guid":{"rendered":"https:\/\/mspontocom.com.br\/site\/?p=200506"},"modified":"2025-06-14T06:34:51","modified_gmt":"2025-06-14T10:34:51","slug":"bolsonaro-pede-anulacao-de-delacao-de-cid-apos-vazamento","status":"publish","type":"post","link":"http:\/\/mspontocom.com.br\/site\/bolsonaro-pede-anulacao-de-delacao-de-cid-apos-vazamento\/","title":{"rendered":"Bolsonaro pede anula\u00e7\u00e3o de dela\u00e7\u00e3o de Cid ap\u00f3s vazamento"},"content":{"rendered":"<p style=\"text-align: justify;\"><img loading=\"lazy\" class=\"alignnone size-full wp-image-200513\" src=\"http:\/\/mspontocom.com.br\/site\/wp-content\/uploads\/2025\/06\/site-bolsonaro-pede-anulacao-de-bolsonaro-stf.jpg\" alt=\"\" width=\"1280\" height=\"720\" srcset=\"http:\/\/mspontocom.com.br\/site\/wp-content\/uploads\/2025\/06\/site-bolsonaro-pede-anulacao-de-bolsonaro-stf.jpg 1280w, http:\/\/mspontocom.com.br\/site\/wp-content\/uploads\/2025\/06\/site-bolsonaro-pede-anulacao-de-bolsonaro-stf-260x146.jpg 260w, http:\/\/mspontocom.com.br\/site\/wp-content\/uploads\/2025\/06\/site-bolsonaro-pede-anulacao-de-bolsonaro-stf-1024x576.jpg 1024w, http:\/\/mspontocom.com.br\/site\/wp-content\/uploads\/2025\/06\/site-bolsonaro-pede-anulacao-de-bolsonaro-stf-768x432.jpg 768w\" sizes=\"(max-width: 1280px) 100vw, 1280px\" \/>O ex-presidente Jair Bolsonaro (PL) pediu nesta 6\u00aa feira a anula\u00e7\u00e3o da dela\u00e7\u00e3o premiada do tenente-coronel Mauro Cid.<\/p>\n<p style=\"text-align: justify;\">O pedido, feito em redes sociais, ap\u00f3s a revista Veja divulgar supostas mensagens que indicariam que Cid teria mentido ao STF\u00a0 durante depoimento.<\/p>\n<p style=\"text-align: justify;\">A reportagem, publicada na 5\u00aa feira (12.jun), apresenta capturas de tela que mostram conversas entre o ex-ajudante de ordens e uma pessoa pr\u00f3xima a Bolsonaro.<\/p>\n<p style=\"text-align: justify;\">Segundo a revista, o militar teria usado um perfil com @gabrielar702 para discutir bastidores do inqu\u00e9rito.<\/p>\n<p style=\"text-align: justify;\">Se confirmado, Cid teria violado as determina\u00e7\u00f5es do ministro Alexandre de Moraes ao usar redes sociais durante o per\u00edodo de medidas restritivas de sua dela\u00e7\u00e3o premiada.<\/p>\n<blockquote><p><em>\u201cEssa dela\u00e7\u00e3o deve ser anulada. Braga Netto e os demais devem ser libertados imediatamente. E esse processo pol\u00edtico disfar\u00e7ado de a\u00e7\u00e3o penal precisa ser interrompido antes que cause danos irrevers\u00edveis ao Estado de Direito em nosso pa\u00eds\u201d, disse Bolsonaro no X. <\/em><\/p><\/blockquote>\n<p style=\"text-align: justify;\">O ex-presidente afirmou que a reportagem \u201cescancara\u201d o que ele e seus aliados sempre disseram: \u201ca \u2018trama golpista\u2019 \u00e9 uma farsa fabricada em cima de mentiras.<\/p>\n","protected":false},"excerpt":{"rendered":"<p>O ex-presidente Jair Bolsonaro (PL) pediu nesta 6\u00aa feira a anula\u00e7\u00e3o da dela\u00e7\u00e3o premiada do tenente-coronel Mauro Cid. O pedido, feito em redes sociais, ap\u00f3s a revista Veja divulgar supostas mensagens que indicariam que Cid teria mentido ao STF\u00a0 durante depoimento. A reportagem, publicada na 5\u00aa feira (12.jun), apresenta capturas de tela que mostram conversas [&hellip;]<\/p>\n","protected":false},"author":2,"featured_media":200513,"comment_status":"open","ping_status":"open","sticky":false,"template":"","format":"standard","meta":{"_monsterinsights_skip_tracking":false,"_monsterinsights_sitenote_active":false,"_monsterinsights_sitenote_note":"","_monsterinsights_sitenote_category":0},"categories":[6,30260,2528,30259,12],"tags":[7548,21017,40971,23184,33224],"aioseo_notices":[],"_links":{"self":[{"href":"http:\/\/mspontocom.com.br\/site\/wp-json\/wp\/v2\/posts\/200506"}],"collection":[{"href":"http:\/\/mspontocom.com.br\/site\/wp-json\/wp\/v2\/posts"}],"about":[{"href":"http:\/\/mspontocom.com.br\/site\/wp-json\/wp\/v2\/types\/post"}],"author":[{"embeddable":true,"href":"http:\/\/mspontocom.com.br\/site\/wp-json\/wp\/v2\/users\/2"}],"replies":[{"embeddable":true,"href":"http:\/\/mspontocom.com.br\/site\/wp-json\/wp\/v2\/comments?post=200506"}],"version-history":[{"count":2,"href":"http:\/\/mspontocom.com.br\/site\/wp-json\/wp\/v2\/posts\/200506\/revisions"}],"predecessor-version":[{"id":200514,"href":"http:\/\/mspontocom.com.br\/site\/wp-json\/wp\/v2\/posts\/200506\/revisions\/200514"}],"wp:featuredmedia":[{"embeddable":true,"href":"http:\/\/mspontocom.com.br\/site\/wp-json\/wp\/v2\/media\/200513"}],"wp:attachment":[{"href":"http:\/\/mspontocom.com.br\/site\/wp-json\/wp\/v2\/media?parent=200506"}],"wp:term":[{"taxonomy":"category","embeddable":true,"href":"http:\/\/mspontocom.com.br\/site\/wp-json\/wp\/v2\/categories?post=200506"},{"taxonomy":"post_tag","embeddable":true,"href":"http:\/\/mspontocom.com.br\/site\/wp-json\/wp\/v2\/tags?post=200506"}],"curies":[{"name":"wp","href":"https:\/\/api.w.org\/{rel}","templated":true}]}}