{"id":200531,"date":"2025-06-16T06:14:29","date_gmt":"2025-06-16T10:14:29","guid":{"rendered":"https:\/\/mspontocom.com.br\/site\/?p=200531"},"modified":"2025-06-16T06:14:29","modified_gmt":"2025-06-16T10:14:29","slug":"aposentados-lula-e-acusado-de-proteger-fraudadores","status":"publish","type":"post","link":"http:\/\/mspontocom.com.br\/site\/aposentados-lula-e-acusado-de-proteger-fraudadores\/","title":{"rendered":"Aposentados: Lula \u00e9 acusado de proteger fraudadores"},"content":{"rendered":"<p style=\"text-align: justify;\" data-start=\"388\" data-end=\"887\"><img loading=\"lazy\" class=\"alignnone size-full wp-image-200545\" src=\"http:\/\/mspontocom.com.br\/site\/wp-content\/uploads\/2025\/06\/site-aposentados-lula-e-acusado-de-proteger-fraudadores-inss-tv-foco-8.jpg\" alt=\"\" width=\"1200\" height=\"600\" srcset=\"http:\/\/mspontocom.com.br\/site\/wp-content\/uploads\/2025\/06\/site-aposentados-lula-e-acusado-de-proteger-fraudadores-inss-tv-foco-8.jpg 1200w, http:\/\/mspontocom.com.br\/site\/wp-content\/uploads\/2025\/06\/site-aposentados-lula-e-acusado-de-proteger-fraudadores-inss-tv-foco-8-260x130.jpg 260w, http:\/\/mspontocom.com.br\/site\/wp-content\/uploads\/2025\/06\/site-aposentados-lula-e-acusado-de-proteger-fraudadores-inss-tv-foco-8-1024x512.jpg 1024w, http:\/\/mspontocom.com.br\/site\/wp-content\/uploads\/2025\/06\/site-aposentados-lula-e-acusado-de-proteger-fraudadores-inss-tv-foco-8-768x384.jpg 768w\" sizes=\"(max-width: 1200px) 100vw, 1200px\" \/>A Frente Parlamentar Mista em Defesa do Idoso criticou a a\u00e7\u00e3o de Lula (PT), no STF, tentando suspender processos judiciais de milh\u00f5es de aposentados e pensionistas lesados por <strong>fraudes no INSS. <\/strong><\/p>\n<p style=\"text-align: justify;\" data-start=\"388\" data-end=\"887\">A a\u00e7\u00e3o \u00e9 de iniciativa do pr\u00f3prio pr\u00f3prio presidente e da AGU, \u00f3rg\u00e3o jur\u00eddico do governo.<\/p>\n<p style=\"text-align: justify;\" data-start=\"388\" data-end=\"887\">Para a Frente, a medida \u00e9 uma\u00a0<em>\u201cafronta aos direitos fundamentais\u201d<\/em>\u00a0e pode agravar ainda mais a situa\u00e7\u00e3o dos idosos.<\/p>\n<p style=\"text-align: justify;\" data-start=\"889\" data-end=\"1283\">A a\u00e7\u00e3o tenta travar decis\u00f5es judiciais j\u00e1 conquistadas por segurados ocorre em um momento alarmante.<\/p>\n<p style=\"text-align: justify;\" data-start=\"1285\" data-end=\"1714\">A presidente da Frente, senadora Damares Alves (Republicanos-DF), criticou duramente o movimento do governo Lula, alertando que a suspens\u00e3o dos processos judiciais fere a Conven\u00e7\u00e3o Americana sobre Direitos Humanos, da qual o Brasil \u00e9 signat\u00e1rio.<\/p>\n<blockquote>\n<p data-start=\"1285\" data-end=\"1714\"><em>\u201cCada pessoa tem direito de recorrer \u00e0 Justi\u00e7a para proteger seus direitos fundamentais. Impedir isso \u00e9 agir contra o povo, especialmente contra os mais vulner\u00e1veis\u201d,<\/em> afirmou.<\/p>\n<\/blockquote>\n<p style=\"text-align: justify;\" data-start=\"2050\" data-end=\"2441\">Al\u00e9m disso, os parlamentares defendem que o governo pare de proteger as entidades envolvidas nos descontos ilegais e passe a responsabiliz\u00e1-las.<\/p>\n<p style=\"text-align: justify;\" align=\"justify\"><span style=\"font-family: Times New Roman, serif;\"><span style=\"font-size: medium;\"><span style=\"color: #ed4c05;\"><i><b>Continue em nossa companhia . Veja mais not\u00edcias em<\/b><\/i><\/span><b>:<\/b> <span style=\"color: #0000ff;\"><u><a href=\"http:\/\/www.mspontocom.com.br\/\">www.mspontocom.com.br<\/a><\/u><\/span><\/span><\/span><\/p>\n<p style=\"text-align: justify;\" align=\"justify\"><span style=\"font-family: Times New Roman, serif;\"><span style=\"font-size: medium;\">Instagram e X:\u00a0 @mspontocom<\/span><\/span><\/p>\n<p style=\"text-align: justify;\" data-start=\"2050\" data-end=\"2441\">\n","protected":false},"excerpt":{"rendered":"<p>A Frente Parlamentar Mista em Defesa do Idoso criticou a a\u00e7\u00e3o de Lula (PT), no STF, tentando suspender processos judiciais de milh\u00f5es de aposentados e pensionistas lesados por fraudes no INSS. A a\u00e7\u00e3o \u00e9 de iniciativa do pr\u00f3prio pr\u00f3prio presidente e da AGU, \u00f3rg\u00e3o jur\u00eddico do governo. Para a Frente, a medida \u00e9 uma\u00a0\u201cafronta aos [&hellip;]<\/p>\n","protected":false},"author":2,"featured_media":200545,"comment_status":"open","ping_status":"open","sticky":false,"template":"","format":"standard","meta":{"_monsterinsights_skip_tracking":false,"_monsterinsights_sitenote_active":false,"_monsterinsights_sitenote_note":"","_monsterinsights_sitenote_category":0},"categories":[6,30260,30259,12],"tags":[307,23727,617,480,43118],"aioseo_notices":[],"_links":{"self":[{"href":"http:\/\/mspontocom.com.br\/site\/wp-json\/wp\/v2\/posts\/200531"}],"collection":[{"href":"http:\/\/mspontocom.com.br\/site\/wp-json\/wp\/v2\/posts"}],"about":[{"href":"http:\/\/mspontocom.com.br\/site\/wp-json\/wp\/v2\/types\/post"}],"author":[{"embeddable":true,"href":"http:\/\/mspontocom.com.br\/site\/wp-json\/wp\/v2\/users\/2"}],"replies":[{"embeddable":true,"href":"http:\/\/mspontocom.com.br\/site\/wp-json\/wp\/v2\/comments?post=200531"}],"version-history":[{"count":2,"href":"http:\/\/mspontocom.com.br\/site\/wp-json\/wp\/v2\/posts\/200531\/revisions"}],"predecessor-version":[{"id":200546,"href":"http:\/\/mspontocom.com.br\/site\/wp-json\/wp\/v2\/posts\/200531\/revisions\/200546"}],"wp:featuredmedia":[{"embeddable":true,"href":"http:\/\/mspontocom.com.br\/site\/wp-json\/wp\/v2\/media\/200545"}],"wp:attachment":[{"href":"http:\/\/mspontocom.com.br\/site\/wp-json\/wp\/v2\/media?parent=200531"}],"wp:term":[{"taxonomy":"category","embeddable":true,"href":"http:\/\/mspontocom.com.br\/site\/wp-json\/wp\/v2\/categories?post=200531"},{"taxonomy":"post_tag","embeddable":true,"href":"http:\/\/mspontocom.com.br\/site\/wp-json\/wp\/v2\/tags?post=200531"}],"curies":[{"name":"wp","href":"https:\/\/api.w.org\/{rel}","templated":true}]}}