{"id":200561,"date":"2025-06-17T06:11:37","date_gmt":"2025-06-17T10:11:37","guid":{"rendered":"https:\/\/mspontocom.com.br\/site\/?p=200561"},"modified":"2025-06-17T06:11:37","modified_gmt":"2025-06-17T10:11:37","slug":"oposicao-ironiza-ferias-de-haddad-7-dias-sem-imposto","status":"publish","type":"post","link":"http:\/\/mspontocom.com.br\/site\/oposicao-ironiza-ferias-de-haddad-7-dias-sem-imposto\/","title":{"rendered":"Oposi\u00e7\u00e3o ironiza f\u00e9rias de Haddad: \u201c7 dias sem imposto\u201d"},"content":{"rendered":"<p style=\"text-align: justify;\"><img loading=\"lazy\" class=\"alignnone size-full wp-image-200576\" src=\"http:\/\/mspontocom.com.br\/site\/wp-content\/uploads\/2025\/06\/site-oposicao-ironiza-ferias-de-haddad-7-dias-sem-imposto-meme-zema-ferias-haddad-16jun25-848x477-1.jpg\" alt=\"\" width=\"848\" height=\"477\" srcset=\"http:\/\/mspontocom.com.br\/site\/wp-content\/uploads\/2025\/06\/site-oposicao-ironiza-ferias-de-haddad-7-dias-sem-imposto-meme-zema-ferias-haddad-16jun25-848x477-1.jpg 848w, http:\/\/mspontocom.com.br\/site\/wp-content\/uploads\/2025\/06\/site-oposicao-ironiza-ferias-de-haddad-7-dias-sem-imposto-meme-zema-ferias-haddad-16jun25-848x477-1-260x146.jpg 260w, http:\/\/mspontocom.com.br\/site\/wp-content\/uploads\/2025\/06\/site-oposicao-ironiza-ferias-de-haddad-7-dias-sem-imposto-meme-zema-ferias-haddad-16jun25-848x477-1-768x432.jpg 768w\" sizes=\"(max-width: 848px) 100vw, 848px\" \/>O governador de Minas Gerais, Romeu Zema (Novo), usou as redes sociais nesta 2\u00aa feira\u00a0 para ironizar o in\u00edcio das f\u00e9rias do ministro da Fazenda, Fernando Haddad.<\/p>\n<p style=\"text-align: justify;\"><strong>\u201cHaddad entrou de f\u00e9rias hoje! 7 dias sem imposto!\u201d,<\/strong> diz o meme compartilhado por Zema no Instagram.<\/p>\n<p style=\"text-align: justify;\">O post foi curtido pelo deputado federal Marcel van Hattem (Novo-RS).<\/p>\n<p style=\"text-align: justify;\">Haddad retorna do recesso em 22 de junho. A<\/p>\n<p style=\"text-align: justify;\">pausa de uma semana coincide com o per\u00edodo de an\u00e1lise na C\u00e2mara dos Deputados do requerimento de urg\u00eancia do PDL (projeto de decreto legislativo) que derruba o aumento do IOF (Imposto sobre Opera\u00e7\u00f5es Financeiras).<\/p>\n<p style=\"text-align: justify;\" align=\"justify\"><span style=\"font-family: Times New Roman, serif;\"><span style=\"font-size: medium;\"><span style=\"color: #ed4c05;\"><i><b>Continue em nossa companhia . Veja mais not\u00edcias em<\/b><\/i><\/span><b>:<\/b> <span style=\"color: #0000ff;\"><u><a href=\"http:\/\/www.mspontocom.com.br\/\">www.mspontocom.com.br<\/a><\/u><\/span><\/span><\/span><\/p>\n","protected":false},"excerpt":{"rendered":"<p>O governador de Minas Gerais, Romeu Zema (Novo), usou as redes sociais nesta 2\u00aa feira\u00a0 para ironizar o in\u00edcio das f\u00e9rias do ministro da Fazenda, Fernando Haddad. \u201cHaddad entrou de f\u00e9rias hoje! 7 dias sem imposto!\u201d, diz o meme compartilhado por Zema no Instagram. O post foi curtido pelo deputado federal Marcel van Hattem (Novo-RS). [&hellip;]<\/p>\n","protected":false},"author":2,"featured_media":200576,"comment_status":"open","ping_status":"open","sticky":false,"template":"","format":"standard","meta":{"_monsterinsights_skip_tracking":false,"_monsterinsights_sitenote_active":false,"_monsterinsights_sitenote_note":"","_monsterinsights_sitenote_category":0},"categories":[6,30260,15,30259,12],"tags":[43123,1972,5361,4285],"aioseo_notices":[],"_links":{"self":[{"href":"http:\/\/mspontocom.com.br\/site\/wp-json\/wp\/v2\/posts\/200561"}],"collection":[{"href":"http:\/\/mspontocom.com.br\/site\/wp-json\/wp\/v2\/posts"}],"about":[{"href":"http:\/\/mspontocom.com.br\/site\/wp-json\/wp\/v2\/types\/post"}],"author":[{"embeddable":true,"href":"http:\/\/mspontocom.com.br\/site\/wp-json\/wp\/v2\/users\/2"}],"replies":[{"embeddable":true,"href":"http:\/\/mspontocom.com.br\/site\/wp-json\/wp\/v2\/comments?post=200561"}],"version-history":[{"count":2,"href":"http:\/\/mspontocom.com.br\/site\/wp-json\/wp\/v2\/posts\/200561\/revisions"}],"predecessor-version":[{"id":200577,"href":"http:\/\/mspontocom.com.br\/site\/wp-json\/wp\/v2\/posts\/200561\/revisions\/200577"}],"wp:featuredmedia":[{"embeddable":true,"href":"http:\/\/mspontocom.com.br\/site\/wp-json\/wp\/v2\/media\/200576"}],"wp:attachment":[{"href":"http:\/\/mspontocom.com.br\/site\/wp-json\/wp\/v2\/media?parent=200561"}],"wp:term":[{"taxonomy":"category","embeddable":true,"href":"http:\/\/mspontocom.com.br\/site\/wp-json\/wp\/v2\/categories?post=200561"},{"taxonomy":"post_tag","embeddable":true,"href":"http:\/\/mspontocom.com.br\/site\/wp-json\/wp\/v2\/tags?post=200561"}],"curies":[{"name":"wp","href":"https:\/\/api.w.org\/{rel}","templated":true}]}}