{"id":200563,"date":"2025-06-17T05:52:29","date_gmt":"2025-06-17T09:52:29","guid":{"rendered":"https:\/\/mspontocom.com.br\/site\/?p=200563"},"modified":"2025-06-17T05:52:29","modified_gmt":"2025-06-17T09:52:29","slug":"depois-de-soltar-lula-fachin-agora-critica-modo-politico-do-stf","status":"publish","type":"post","link":"http:\/\/mspontocom.com.br\/site\/depois-de-soltar-lula-fachin-agora-critica-modo-politico-do-stf\/","title":{"rendered":"Depois de soltar Lula, Fachin agora critica &#8220;modo pol\u00edtico&#8221; do STF"},"content":{"rendered":"<div id=\"chunk-8onf6\">\n<div class=\"mc-column content-text active-extra-styles active-capital-letter\" data-block-type=\"unstyled\" data-block-weight=\"38\" data-block-id=\"2\">\n<p class=\" content-text__container theme-color-primary-first-letter\" style=\"text-align: justify;\" data-track-category=\"Link no Texto\" data-track-links=\"\" data-mrf-recirculation=\"Mat\u00e9ria - Links no Texto\"><img loading=\"lazy\" class=\"alignnone size-full wp-image-200572\" src=\"http:\/\/mspontocom.com.br\/site\/wp-content\/uploads\/2025\/06\/site-depois-de-soltar-lula-fachin-critica-modo-politico-do-stf-montagem-fachin-lula.webp\" alt=\"\" width=\"1212\" height=\"909\" srcset=\"http:\/\/mspontocom.com.br\/site\/wp-content\/uploads\/2025\/06\/site-depois-de-soltar-lula-fachin-critica-modo-politico-do-stf-montagem-fachin-lula.webp 1212w, http:\/\/mspontocom.com.br\/site\/wp-content\/uploads\/2025\/06\/site-depois-de-soltar-lula-fachin-critica-modo-politico-do-stf-montagem-fachin-lula-260x195.webp 260w, http:\/\/mspontocom.com.br\/site\/wp-content\/uploads\/2025\/06\/site-depois-de-soltar-lula-fachin-critica-modo-politico-do-stf-montagem-fachin-lula-1024x768.webp 1024w, http:\/\/mspontocom.com.br\/site\/wp-content\/uploads\/2025\/06\/site-depois-de-soltar-lula-fachin-critica-modo-politico-do-stf-montagem-fachin-lula-768x576.webp 768w\" sizes=\"(max-width: 1212px) 100vw, 1212px\" \/>O ministro do STF Edson Fachin citou nesta segunda-feira (16), durante evento em Bras\u00edlia a necessidade de o Judici\u00e1rio manter uma atua\u00e7\u00e3o contida, que observe e respeite os limites institucionais e ainda deixou claro que a Corte n\u00e3o pode legislar<strong> nem agir sob press\u00e3o pol\u00edtica.<\/strong><\/p>\n<p style=\"text-align: justify;\" data-track-category=\"Link no Texto\" data-track-links=\"\" data-mrf-recirculation=\"Mat\u00e9ria - Links no Texto\"><span style=\"font-size: 14pt;\"><strong>Um erro de CEP<\/strong><\/span><\/p>\n<p style=\"text-align: justify;\" data-track-category=\"Link no Texto\" data-track-links=\"\" data-mrf-recirculation=\"Mat\u00e9ria - Links no Texto\">Deve ter se esquecido que em mar\u00e7o de 2021, em <strong>decis\u00e3o absurda e pol\u00edtica<\/strong>, decidiu\u00a0 que a 13\u00aa Vara Federal de Curitiba, que tinha o ex-juiz Sergio Moro como titular, era inadequada para processar e julgar o ex-presidente Lula.<\/p>\n<p style=\"text-align: justify;\" data-track-category=\"Link no Texto\" data-track-links=\"\" data-mrf-recirculation=\"Mat\u00e9ria - Links no Texto\"><span style=\"font-size: 14pt;\"><strong>Mem\u00f3ria seletiva<\/strong><\/span><\/p>\n<\/div>\n<\/div>\n<div class=\"wall protected-content\">\n<div id=\"chunk-4vcaj\" style=\"text-align: justify;\">\n<div class=\"mc-column content-text active-extra-styles \" data-block-type=\"unstyled\" data-block-weight=\"20\" data-block-id=\"4\">\n<blockquote>\n<p class=\" content-text__container \" data-track-category=\"Link no Texto\" data-track-links=\"\" data-mrf-recirculation=\"Mat\u00e9ria - Links no Texto\"><em>\u201cN\u00f3s, ju\u00edzas e ju\u00edzes, servidoras e servidores, n\u00e3o podemos agir fora da raz\u00e3o jur\u00eddica objetiva, nem sermos vistos como sat\u00e9lite da polariza\u00e7\u00e3o que hoje assola o mundo\u201d, afirmou Fachin.<\/em><\/p>\n<\/blockquote>\n<\/div>\n<\/div>\n<div id=\"chunk-fgfk9\">\n<div class=\"mc-column content-text active-extra-styles \" data-block-type=\"unstyled\" data-block-weight=\"46\" data-block-id=\"5\">\n<p style=\"text-align: justify;\" data-track-category=\"Link no Texto\" data-track-links=\"\" data-mrf-recirculation=\"Mat\u00e9ria - Links no Texto\">Agora, <strong>depois de Lula descondenado<\/strong>, ele destaca que o Judici\u00e1rio deve se manter fiel \u00e0 Constitui\u00e7\u00e3o e agir com autonomia.<\/p>\n<blockquote>\n<p data-track-category=\"Link no Texto\" data-track-links=\"\" data-mrf-recirculation=\"Mat\u00e9ria - Links no Texto\"><em>\u201cSomos servidores da Constitui\u00e7\u00e3o. N\u00e3o nos cabe agir segundo vontades pessoais ou press\u00f5es pol\u00edticas. Ao direito, o que \u00e9 do direito; \u00e0 pol\u00edtica, o que \u00e9 da pol\u00edtica.\u201d<\/em><\/p>\n<\/blockquote>\n<p style=\"text-align: justify;\" data-track-category=\"Link no Texto\" data-track-links=\"\" data-mrf-recirculation=\"Mat\u00e9ria - Links no Texto\">O <strong>mspontocom<\/strong> aconselha: Vamos dormir Brasil.<\/p>\n<p align=\"justify\"><span style=\"font-family: Times New Roman, serif;\"><span style=\"font-size: medium;\"><span style=\"color: #ed4c05;\"><i><b>Continue em nossa companhia . Veja mais not\u00edcias em<\/b><\/i><\/span><b>:<\/b> <span style=\"color: #0000ff;\"><u><a href=\"http:\/\/www.mspontocom.com.br\/\">www.mspontocom.com.br<\/a><\/u><\/span><\/span><\/span><\/p>\n<\/div>\n<\/div>\n<\/div>\n","protected":false},"excerpt":{"rendered":"<p>O ministro do STF Edson Fachin citou nesta segunda-feira (16), durante evento em Bras\u00edlia a necessidade de o Judici\u00e1rio manter uma atua\u00e7\u00e3o contida, que observe e respeite os limites institucionais e ainda deixou claro que a Corte n\u00e3o pode legislar nem agir sob press\u00e3o pol\u00edtica. Um erro de CEP Deve ter se esquecido que em [&hellip;]<\/p>\n","protected":false},"author":2,"featured_media":200572,"comment_status":"open","ping_status":"open","sticky":false,"template":"","format":"standard","meta":{"_monsterinsights_skip_tracking":false,"_monsterinsights_sitenote_active":false,"_monsterinsights_sitenote_note":"","_monsterinsights_sitenote_category":0},"categories":[6,30260,2528,30259,12],"tags":[24747,21908,480,43122,25057,3014],"aioseo_notices":[],"_links":{"self":[{"href":"http:\/\/mspontocom.com.br\/site\/wp-json\/wp\/v2\/posts\/200563"}],"collection":[{"href":"http:\/\/mspontocom.com.br\/site\/wp-json\/wp\/v2\/posts"}],"about":[{"href":"http:\/\/mspontocom.com.br\/site\/wp-json\/wp\/v2\/types\/post"}],"author":[{"embeddable":true,"href":"http:\/\/mspontocom.com.br\/site\/wp-json\/wp\/v2\/users\/2"}],"replies":[{"embeddable":true,"href":"http:\/\/mspontocom.com.br\/site\/wp-json\/wp\/v2\/comments?post=200563"}],"version-history":[{"count":2,"href":"http:\/\/mspontocom.com.br\/site\/wp-json\/wp\/v2\/posts\/200563\/revisions"}],"predecessor-version":[{"id":200573,"href":"http:\/\/mspontocom.com.br\/site\/wp-json\/wp\/v2\/posts\/200563\/revisions\/200573"}],"wp:featuredmedia":[{"embeddable":true,"href":"http:\/\/mspontocom.com.br\/site\/wp-json\/wp\/v2\/media\/200572"}],"wp:attachment":[{"href":"http:\/\/mspontocom.com.br\/site\/wp-json\/wp\/v2\/media?parent=200563"}],"wp:term":[{"taxonomy":"category","embeddable":true,"href":"http:\/\/mspontocom.com.br\/site\/wp-json\/wp\/v2\/categories?post=200563"},{"taxonomy":"post_tag","embeddable":true,"href":"http:\/\/mspontocom.com.br\/site\/wp-json\/wp\/v2\/tags?post=200563"}],"curies":[{"name":"wp","href":"https:\/\/api.w.org\/{rel}","templated":true}]}}