{"id":200609,"date":"2025-06-19T05:06:53","date_gmt":"2025-06-19T09:06:53","guid":{"rendered":"https:\/\/mspontocom.com.br\/site\/?p=200609"},"modified":"2025-06-19T05:06:53","modified_gmt":"2025-06-19T09:06:53","slug":"casta-stf-aprova-seguranca-vitalicia-para-seus-ministros","status":"publish","type":"post","link":"http:\/\/mspontocom.com.br\/site\/casta-stf-aprova-seguranca-vitalicia-para-seus-ministros\/","title":{"rendered":"Casta: STF aprova seguran\u00e7a vital\u00edcia para seus ministros"},"content":{"rendered":"<p style=\"text-align: justify;\" data-start=\"0\" data-end=\"417\"><img loading=\"lazy\" class=\"alignnone size-full wp-image-200618\" src=\"http:\/\/mspontocom.com.br\/site\/wp-content\/uploads\/2025\/06\/site-casta-stf-determina-seguranca-vitalicia-para-ministros-stf1.webp\" alt=\"\" width=\"799\" height=\"519\" srcset=\"http:\/\/mspontocom.com.br\/site\/wp-content\/uploads\/2025\/06\/site-casta-stf-determina-seguranca-vitalicia-para-ministros-stf1.webp 799w, http:\/\/mspontocom.com.br\/site\/wp-content\/uploads\/2025\/06\/site-casta-stf-determina-seguranca-vitalicia-para-ministros-stf1-260x169.webp 260w, http:\/\/mspontocom.com.br\/site\/wp-content\/uploads\/2025\/06\/site-casta-stf-determina-seguranca-vitalicia-para-ministros-stf1-768x499.webp 768w\" sizes=\"(max-width: 799px) 100vw, 799px\" \/>Enquanto o STF solta bandidos e &#8220;descondenado&#8221; gerando p\u00e2nico na popula\u00e7\u00e3o, a Corte resolveu seu pr\u00f3prio problema de seguran\u00e7a p\u00fablica.<\/p>\n<p data-start=\"0\" data-end=\"417\">Seria o sonho de todo brasileiro.<\/p>\n<p style=\"text-align: justify;\" data-start=\"0\" data-end=\"417\">O Supremo\u00a0 formou maioria para aprovar uma resolu\u00e7\u00e3o que concede <strong>seguran\u00e7a pessoal vital\u00edcia<\/strong> a ministros da Corte que se aposentarem.<\/p>\n<p style=\"text-align: justify;\" data-start=\"0\" data-end=\"417\">A medida, em an\u00e1lise no plen\u00e1rio virtual, altera as regras anteriores que limitavam a escolta a um per\u00edodo de 36 meses ap\u00f3s a aposentadoria, prorrog\u00e1vel por igual per\u00edodo.<\/p>\n<p style=\"text-align: justify;\" data-start=\"0\" data-end=\"417\">Agora, os ministros aposentados poder\u00e3o contar com o benef\u00edcio enquanto solicitarem, sem limite de tempo.<\/p>\n<p style=\"text-align: justify;\" data-start=\"902\" data-end=\"1217\">J\u00e1 foram registrados votos favor\u00e1veis de Barroso, Edson Fachin, Fl\u00e1vio Dino, Cristiano Zanin, Luiz Fux e Andr\u00e9 Mendon\u00e7a, formando maioria entre os 11 ministros.<\/p>\n<p style=\"text-align: justify;\" data-start=\"902\" data-end=\"1217\"><span style=\"font-size: 18pt;\"><strong>Seguran\u00e7a de gra\u00e7a<\/strong><\/span><\/p>\n<p style=\"text-align: justify;\">Ministros do STF condenaram os brasileiros a pagar seguran\u00e7a pessoal vital\u00edcia para cada um deles.<\/p>\n<p style=\"text-align: justify;\">A regalia era s\u00f3 para ex-presidentes da Rep\u00fablica.<\/p>\n<p style=\"text-align: justify;\" align=\"justify\">\n<p style=\"text-align: justify;\" align=\"justify\"><span style=\"font-family: Times New Roman, serif;\"><span style=\"font-size: medium;\"><span style=\"color: #ed4c05;\"><i><b>Continue em nossa companhia . Veja mais not\u00edcias em<\/b><\/i><\/span><b>:<\/b> <span style=\"color: #0000ff;\"><u><a href=\"http:\/\/www.mspontocom.com.br\/\">www.mspontocom.com.br<\/a><\/u><\/span><\/span><\/span><\/p>\n<p style=\"text-align: justify;\" align=\"justify\"><span style=\"font-family: Times New Roman, serif;\"><span style=\"font-size: medium;\">Instagram e X:\u00a0 @mspontocom<\/span><\/span><\/p>\n<p align=\"justify\">\n","protected":false},"excerpt":{"rendered":"<p>Enquanto o STF solta bandidos e &#8220;descondenado&#8221; gerando p\u00e2nico na popula\u00e7\u00e3o, a Corte resolveu seu pr\u00f3prio problema de seguran\u00e7a p\u00fablica. Seria o sonho de todo brasileiro. O Supremo\u00a0 formou maioria para aprovar uma resolu\u00e7\u00e3o que concede seguran\u00e7a pessoal vital\u00edcia a ministros da Corte que se aposentarem. A medida, em an\u00e1lise no plen\u00e1rio virtual, altera as [&hellip;]<\/p>\n","protected":false},"author":2,"featured_media":200618,"comment_status":"open","ping_status":"open","sticky":false,"template":"","format":"standard","meta":{"_monsterinsights_skip_tracking":false,"_monsterinsights_sitenote_active":false,"_monsterinsights_sitenote_note":"","_monsterinsights_sitenote_category":0},"categories":[6,30260,2528,30259,12],"tags":[587,43128,3014],"aioseo_notices":[],"_links":{"self":[{"href":"http:\/\/mspontocom.com.br\/site\/wp-json\/wp\/v2\/posts\/200609"}],"collection":[{"href":"http:\/\/mspontocom.com.br\/site\/wp-json\/wp\/v2\/posts"}],"about":[{"href":"http:\/\/mspontocom.com.br\/site\/wp-json\/wp\/v2\/types\/post"}],"author":[{"embeddable":true,"href":"http:\/\/mspontocom.com.br\/site\/wp-json\/wp\/v2\/users\/2"}],"replies":[{"embeddable":true,"href":"http:\/\/mspontocom.com.br\/site\/wp-json\/wp\/v2\/comments?post=200609"}],"version-history":[{"count":2,"href":"http:\/\/mspontocom.com.br\/site\/wp-json\/wp\/v2\/posts\/200609\/revisions"}],"predecessor-version":[{"id":200619,"href":"http:\/\/mspontocom.com.br\/site\/wp-json\/wp\/v2\/posts\/200609\/revisions\/200619"}],"wp:featuredmedia":[{"embeddable":true,"href":"http:\/\/mspontocom.com.br\/site\/wp-json\/wp\/v2\/media\/200618"}],"wp:attachment":[{"href":"http:\/\/mspontocom.com.br\/site\/wp-json\/wp\/v2\/media?parent=200609"}],"wp:term":[{"taxonomy":"category","embeddable":true,"href":"http:\/\/mspontocom.com.br\/site\/wp-json\/wp\/v2\/categories?post=200609"},{"taxonomy":"post_tag","embeddable":true,"href":"http:\/\/mspontocom.com.br\/site\/wp-json\/wp\/v2\/tags?post=200609"}],"curies":[{"name":"wp","href":"https:\/\/api.w.org\/{rel}","templated":true}]}}