{"id":200641,"date":"2025-06-20T06:57:34","date_gmt":"2025-06-20T10:57:34","guid":{"rendered":"https:\/\/mspontocom.com.br\/site\/?p=200641"},"modified":"2025-06-20T06:57:34","modified_gmt":"2025-06-20T10:57:34","slug":"bolsonaro-e-citado-na-marcha-para-jesus-e-e-ovacionado-pela-multidao","status":"publish","type":"post","link":"http:\/\/mspontocom.com.br\/site\/bolsonaro-e-citado-na-marcha-para-jesus-e-e-ovacionado-pela-multidao\/","title":{"rendered":"Bolsonaro \u00e9 citado na Marcha para Jesus e \u00e9 ovacionado pela multid\u00e3o"},"content":{"rendered":"<p style=\"text-align: justify;\"><img loading=\"lazy\" class=\"alignnone size-full wp-image-200642\" src=\"http:\/\/mspontocom.com.br\/site\/wp-content\/uploads\/2025\/06\/site-bolsonaro-e-citado-na-marcha-para-jesus-e-e-ovacionado-pela-multidao-bolsonaro-rezando-e1750416948238.jpeg\" alt=\"\" width=\"818\" height=\"583\" srcset=\"http:\/\/mspontocom.com.br\/site\/wp-content\/uploads\/2025\/06\/site-bolsonaro-e-citado-na-marcha-para-jesus-e-e-ovacionado-pela-multidao-bolsonaro-rezando-e1750416948238.jpeg 818w, http:\/\/mspontocom.com.br\/site\/wp-content\/uploads\/2025\/06\/site-bolsonaro-e-citado-na-marcha-para-jesus-e-e-ovacionado-pela-multidao-bolsonaro-rezando-e1750416948238-260x185.jpeg 260w, http:\/\/mspontocom.com.br\/site\/wp-content\/uploads\/2025\/06\/site-bolsonaro-e-citado-na-marcha-para-jesus-e-e-ovacionado-pela-multidao-bolsonaro-rezando-e1750416948238-768x547.jpeg 768w\" sizes=\"(max-width: 818px) 100vw, 818px\" \/>O presidente nacional do PL, Valdemar Costa Neto, enviou \u201cum abra\u00e7o\u201d de<strong> Jair Bolsonaro<\/strong> (PL) ao discursar nesta 5\u00aa feira na <strong>Marcha para Jesus<\/strong>, realizada na zona norte de S\u00e3o Paulo.<\/p>\n<p style=\"text-align: justify;\">O dirigente\u00a0 fez uma breve apari\u00e7\u00e3o no palco.<\/p>\n<p style=\"text-align: justify;\">Propagandeou o n\u00famero 22 da legenda que dirige.<\/p>\n<p style=\"text-align: justify;\">Ouviu o organizador do evento, ap\u00f3stolo Estevam Hernandez, retribuir o abra\u00e7o do ex-presidente.<\/p>\n<p style=\"text-align: justify;\">E tamb\u00e9m orou no palco.<strong> \u201cPL 22, Bolsonaro na cabe\u00e7a\u201d<\/strong>, gritou Valdemar ao encerrar sua participa\u00e7\u00e3o na celebra\u00e7\u00e3o evang\u00e9lica sob<strong> aplausos da multid\u00e3o.<\/strong><\/p>\n<p style=\"text-align: justify;\">Aliados de Bolsonaro j\u00e1 haviam passado pelo palco da marcha, como Tarc\u00edsio de Freitas (Republicanos), governador do Estado, e Ricardo Nunes (MDB), prefeito da capital.<\/p>\n<p style=\"text-align: justify;\">L\u00edder da igreja Renascer em Cristo e organizador da marcha, Hernandes apoiou Bolsonaro em 2022.<\/p>\n<p style=\"text-align: justify;\" align=\"justify\"><span style=\"font-family: Times New Roman, serif;\"><span style=\"font-size: medium;\"><span style=\"color: #ed4c05;\"><i><b>Continue em nossa companhia . Veja mais not\u00edcias em<\/b><\/i><\/span><b>:<\/b> <span style=\"color: #0000ff;\"><u><a href=\"http:\/\/www.mspontocom.com.br\/\">www.mspontocom.com.br<\/a><\/u><\/span><\/span><\/span><\/p>\n<p style=\"text-align: justify;\" align=\"justify\"><span style=\"font-family: Times New Roman, serif;\"><span style=\"font-size: medium;\">Instagram e X:\u00a0 @mspontocom<\/span><\/span><\/p>\n","protected":false},"excerpt":{"rendered":"<p>O presidente nacional do PL, Valdemar Costa Neto, enviou \u201cum abra\u00e7o\u201d de Jair Bolsonaro (PL) ao discursar nesta 5\u00aa feira na Marcha para Jesus, realizada na zona norte de S\u00e3o Paulo. O dirigente\u00a0 fez uma breve apari\u00e7\u00e3o no palco. Propagandeou o n\u00famero 22 da legenda que dirige. Ouviu o organizador do evento, ap\u00f3stolo Estevam Hernandez, [&hellip;]<\/p>\n","protected":false},"author":2,"featured_media":200642,"comment_status":"open","ping_status":"open","sticky":false,"template":"","format":"standard","meta":{"_monsterinsights_skip_tracking":false,"_monsterinsights_sitenote_active":false,"_monsterinsights_sitenote_note":"","_monsterinsights_sitenote_category":0},"categories":[6,30260,30259,12],"tags":[21017,18125,37873,37920],"aioseo_notices":[],"_links":{"self":[{"href":"http:\/\/mspontocom.com.br\/site\/wp-json\/wp\/v2\/posts\/200641"}],"collection":[{"href":"http:\/\/mspontocom.com.br\/site\/wp-json\/wp\/v2\/posts"}],"about":[{"href":"http:\/\/mspontocom.com.br\/site\/wp-json\/wp\/v2\/types\/post"}],"author":[{"embeddable":true,"href":"http:\/\/mspontocom.com.br\/site\/wp-json\/wp\/v2\/users\/2"}],"replies":[{"embeddable":true,"href":"http:\/\/mspontocom.com.br\/site\/wp-json\/wp\/v2\/comments?post=200641"}],"version-history":[{"count":1,"href":"http:\/\/mspontocom.com.br\/site\/wp-json\/wp\/v2\/posts\/200641\/revisions"}],"predecessor-version":[{"id":200643,"href":"http:\/\/mspontocom.com.br\/site\/wp-json\/wp\/v2\/posts\/200641\/revisions\/200643"}],"wp:featuredmedia":[{"embeddable":true,"href":"http:\/\/mspontocom.com.br\/site\/wp-json\/wp\/v2\/media\/200642"}],"wp:attachment":[{"href":"http:\/\/mspontocom.com.br\/site\/wp-json\/wp\/v2\/media?parent=200641"}],"wp:term":[{"taxonomy":"category","embeddable":true,"href":"http:\/\/mspontocom.com.br\/site\/wp-json\/wp\/v2\/categories?post=200641"},{"taxonomy":"post_tag","embeddable":true,"href":"http:\/\/mspontocom.com.br\/site\/wp-json\/wp\/v2\/tags?post=200641"}],"curies":[{"name":"wp","href":"https:\/\/api.w.org\/{rel}","templated":true}]}}