{"id":200669,"date":"2025-06-21T06:22:29","date_gmt":"2025-06-21T10:22:29","guid":{"rendered":"https:\/\/mspontocom.com.br\/site\/?p=200669"},"modified":"2025-06-21T06:22:29","modified_gmt":"2025-06-21T10:22:29","slug":"oposicao-quem-votou-em-lula-votou-pela-censura","status":"publish","type":"post","link":"http:\/\/mspontocom.com.br\/site\/oposicao-quem-votou-em-lula-votou-pela-censura\/","title":{"rendered":"Oposi\u00e7\u00e3o: \u2018Quem votou em Lula votou pela censura\u2019"},"content":{"rendered":"<p style=\"text-align: justify;\"><img loading=\"lazy\" class=\"alignnone size-full wp-image-200676\" src=\"http:\/\/mspontocom.com.br\/site\/wp-content\/uploads\/2025\/06\/site-oposicao-quem-votou-em-lula-votou-pela-censura-censura-nao.jpg\" alt=\"\" width=\"845\" height=\"500\" srcset=\"http:\/\/mspontocom.com.br\/site\/wp-content\/uploads\/2025\/06\/site-oposicao-quem-votou-em-lula-votou-pela-censura-censura-nao.jpg 845w, http:\/\/mspontocom.com.br\/site\/wp-content\/uploads\/2025\/06\/site-oposicao-quem-votou-em-lula-votou-pela-censura-censura-nao-260x154.jpg 260w, http:\/\/mspontocom.com.br\/site\/wp-content\/uploads\/2025\/06\/site-oposicao-quem-votou-em-lula-votou-pela-censura-censura-nao-768x454.jpg 768w\" sizes=\"(max-width: 845px) 100vw, 845px\" \/>Durante entrevista ao Arena Oeste o deputado federal de<strong> oposi\u00e7\u00e3o<\/strong> Luiz Philippe de Orleans e Bragan\u00e7a<strong> (PL-SP)<\/strong> fez duras cr\u00edticas ao governo Lula, \u00e0 atua\u00e7\u00e3o do Judici\u00e1rio e \u00e0 estrutura pol\u00edtica brasileira.<\/p>\n<p style=\"text-align: justify;\">Segundo o parlamentar, o atual governo <strong>\u201cnunca nasceu\u201d<\/strong> e opera desde o come\u00e7o por meio da <strong>\u201ccompra do Congresso\u201d<\/strong>, estrat\u00e9gia que, em sua avalia\u00e7\u00e3o, compromete a legitimidade das decis\u00f5es legislativas.<\/p>\n<h3 id=\"h-rejeicao-a-regulacao-das-redes-e-criticas-ao-ativismo-judicial\" class=\"wp-block-heading\" style=\"text-align: justify;\"><span style=\"font-size: 18pt;\"><strong>Censura: Rejei\u00e7\u00e3o \u00e0 regula\u00e7\u00e3o das redes<\/strong><\/span><\/h3>\n<p style=\"text-align: justify;\">Luiz Philippe repudiou tentativas de controle das redes sociais e classificou as a\u00e7\u00f5es do Judici\u00e1rio como censura.<\/p>\n<p style=\"text-align: justify;\">Disse que o Congresso j\u00e1 rejeitou propostas de regula\u00e7\u00e3o e que a insist\u00eancia judicial no tema seria \u201cmais uma interfer\u00eancia\u201d.<\/p>\n<p style=\"text-align: justify;\">O deputado ainda afirmou que a censura j\u00e1 fazia parte do plano de governo do atual presidente e responsabilizou parte do eleitorado:<\/p>\n<blockquote><p><em><strong>\u201cQuem votou nesse governo votou pela censura\u201d. Luiz Philippe ainda defendeu a ideia de que o Judici\u00e1rio aplica essa agenda pol\u00edtica de forma inconstitucional.<\/strong><\/em><\/p><\/blockquote>\n<p style=\"text-align: justify;\">Ao final, Luiz Philippe disse n\u00e3o ter ambi\u00e7\u00e3o pessoal por cargos maiores, como o Senado, mas, sim, pela transforma\u00e7\u00e3o do sistema pol\u00edtico nacional.<\/p>\n<p style=\"text-align: justify;\" align=\"justify\"><span style=\"font-family: Times New Roman, serif;\"><span style=\"font-size: medium;\"><span style=\"color: #ed4c05;\"><i><b>Continue em nossa companhia . Veja mais not\u00edcias em<\/b><\/i><\/span><b>:<\/b> <span style=\"color: #0000ff;\"><u><a href=\"http:\/\/www.mspontocom.com.br\/\">www.mspontocom.com.br<\/a><\/u><\/span><\/span><\/span><\/p>\n<p style=\"text-align: justify;\" align=\"justify\"><span style=\"font-family: Times New Roman, serif;\"><span style=\"font-size: medium;\">Instagram e X:\u00a0 @mspontocom<\/span><\/span><\/p>\n","protected":false},"excerpt":{"rendered":"<p>Durante entrevista ao Arena Oeste o deputado federal de oposi\u00e7\u00e3o Luiz Philippe de Orleans e Bragan\u00e7a (PL-SP) fez duras cr\u00edticas ao governo Lula, \u00e0 atua\u00e7\u00e3o do Judici\u00e1rio e \u00e0 estrutura pol\u00edtica brasileira. Segundo o parlamentar, o atual governo \u201cnunca nasceu\u201d e opera desde o come\u00e7o por meio da \u201ccompra do Congresso\u201d, estrat\u00e9gia que, em sua [&hellip;]<\/p>\n","protected":false},"author":2,"featured_media":200676,"comment_status":"open","ping_status":"open","sticky":false,"template":"","format":"standard","meta":{"_monsterinsights_skip_tracking":false,"_monsterinsights_sitenote_active":false,"_monsterinsights_sitenote_note":"","_monsterinsights_sitenote_category":0},"categories":[6,30260,30259,12],"tags":[4285,43137,43138],"aioseo_notices":[],"_links":{"self":[{"href":"http:\/\/mspontocom.com.br\/site\/wp-json\/wp\/v2\/posts\/200669"}],"collection":[{"href":"http:\/\/mspontocom.com.br\/site\/wp-json\/wp\/v2\/posts"}],"about":[{"href":"http:\/\/mspontocom.com.br\/site\/wp-json\/wp\/v2\/types\/post"}],"author":[{"embeddable":true,"href":"http:\/\/mspontocom.com.br\/site\/wp-json\/wp\/v2\/users\/2"}],"replies":[{"embeddable":true,"href":"http:\/\/mspontocom.com.br\/site\/wp-json\/wp\/v2\/comments?post=200669"}],"version-history":[{"count":2,"href":"http:\/\/mspontocom.com.br\/site\/wp-json\/wp\/v2\/posts\/200669\/revisions"}],"predecessor-version":[{"id":200677,"href":"http:\/\/mspontocom.com.br\/site\/wp-json\/wp\/v2\/posts\/200669\/revisions\/200677"}],"wp:featuredmedia":[{"embeddable":true,"href":"http:\/\/mspontocom.com.br\/site\/wp-json\/wp\/v2\/media\/200676"}],"wp:attachment":[{"href":"http:\/\/mspontocom.com.br\/site\/wp-json\/wp\/v2\/media?parent=200669"}],"wp:term":[{"taxonomy":"category","embeddable":true,"href":"http:\/\/mspontocom.com.br\/site\/wp-json\/wp\/v2\/categories?post=200669"},{"taxonomy":"post_tag","embeddable":true,"href":"http:\/\/mspontocom.com.br\/site\/wp-json\/wp\/v2\/tags?post=200669"}],"curies":[{"name":"wp","href":"https:\/\/api.w.org\/{rel}","templated":true}]}}