{"id":200688,"date":"2025-06-22T06:34:30","date_gmt":"2025-06-22T10:34:30","guid":{"rendered":"https:\/\/mspontocom.com.br\/site\/?p=200688"},"modified":"2025-06-22T06:34:30","modified_gmt":"2025-06-22T10:34:30","slug":"bolsonaro-convoca-ato-em-29-de-junho-volta-capitao","status":"publish","type":"post","link":"http:\/\/mspontocom.com.br\/site\/bolsonaro-convoca-ato-em-29-de-junho-volta-capitao\/","title":{"rendered":"Bolsonaro convoca ato em 29 de junho: \u201cVolta, capit\u00e3o\u201d"},"content":{"rendered":"<p><img loading=\"lazy\" class=\"alignnone size-full wp-image-200689\" src=\"http:\/\/mspontocom.com.br\/site\/wp-content\/uploads\/2025\/06\/site-bolsonaro-convoca-ato-em-29-de-junho-volta-capitao-bolsonaro-capitao.jpg\" alt=\"\" width=\"1280\" height=\"720\" srcset=\"http:\/\/mspontocom.com.br\/site\/wp-content\/uploads\/2025\/06\/site-bolsonaro-convoca-ato-em-29-de-junho-volta-capitao-bolsonaro-capitao.jpg 1280w, http:\/\/mspontocom.com.br\/site\/wp-content\/uploads\/2025\/06\/site-bolsonaro-convoca-ato-em-29-de-junho-volta-capitao-bolsonaro-capitao-260x146.jpg 260w, http:\/\/mspontocom.com.br\/site\/wp-content\/uploads\/2025\/06\/site-bolsonaro-convoca-ato-em-29-de-junho-volta-capitao-bolsonaro-capitao-1024x576.jpg 1024w, http:\/\/mspontocom.com.br\/site\/wp-content\/uploads\/2025\/06\/site-bolsonaro-convoca-ato-em-29-de-junho-volta-capitao-bolsonaro-capitao-768x432.jpg 768w\" sizes=\"(max-width: 1280px) 100vw, 1280px\" \/>O ex-presidente <strong>Jair Bolsonaro<\/strong> (PL) convocou mais uma vez neste s\u00e1bado os seus apoiadores para um ato na avenida Paulista, em S\u00e3o Paulo, em <strong>29 de junho. <\/strong><\/p>\n<p>Ele publicou o convite no X com uma m\u00fasica que pede <strong>\u201cVolta, capit\u00e3o\u201d.\u00a0<\/strong><\/p>\n<p>Na publica\u00e7\u00e3o, Bolsonaro escreveu:<\/p>\n<blockquote><p><em>\u201cO Brasil precisa de todos n\u00f3s. \u00c9 por liberdade, por Justi\u00e7a. Dia 29, domingo, na Paulista. Nos veremos l\u00e1\u201d.<\/em><\/p><\/blockquote>\n<p>Um v\u00eddeo compartilhado pelo ex-presidente mostra imagens de outros atos realizados.<\/p>\n<p>H\u00e1 tamb\u00e9m not\u00edcias publicadas em jornais com dados econ\u00f4micos desfavor\u00e1veis ao governo Lula. S\u00e3o elas:<\/p>\n<p>47% dos brasileiros acham que a economia do pa\u00eds piorou, diz DataFolha;<\/p>\n<p>Governo aponta falta de verba para cumprir pisos de sa\u00fade e educa\u00e7\u00e3o j\u00e1 em 2027;<\/p>\n<p>Fome atinge 8,4 milh\u00f5es no Brasil, mostra estudo da ONU.<\/p>\n<p>A m\u00fasica destaca o encarecimento de produtos nas prateleiras dos supermercados.<\/p>\n<p>A manifesta\u00e7\u00e3o \u00e9 organizada pelo pastor Silas Malafaia e ter\u00e1 como tema<strong> \u201cJusti\u00e7a j\u00e1\u201d.<\/strong> Segundo o religioso, o protesto ser\u00e1 uma rea\u00e7\u00e3o ao julgamento de Bolsonaro no STF.<\/p>\n<p align=\"justify\"><span style=\"font-family: Times New Roman, serif;\"><span style=\"font-size: medium;\"><span style=\"color: #ed4c05;\"><i><b>Continue em nossa companhia . Veja mais not\u00edcias em<\/b><\/i><\/span><b>:<\/b> <span style=\"color: #0000ff;\"><u><a href=\"http:\/\/www.mspontocom.com.br\/\">www.mspontocom.com.br<\/a><\/u><\/span><\/span><\/span><\/p>\n<p align=\"justify\"><span style=\"font-family: Times New Roman, serif;\"><span style=\"font-size: medium;\">Instagram e X:\u00a0 @mspontocom<\/span><\/span><\/p>\n","protected":false},"excerpt":{"rendered":"<p>O ex-presidente Jair Bolsonaro (PL) convocou mais uma vez neste s\u00e1bado os seus apoiadores para um ato na avenida Paulista, em S\u00e3o Paulo, em 29 de junho. Ele publicou o convite no X com uma m\u00fasica que pede \u201cVolta, capit\u00e3o\u201d.\u00a0 Na publica\u00e7\u00e3o, Bolsonaro escreveu: \u201cO Brasil precisa de todos n\u00f3s. \u00c9 por liberdade, por Justi\u00e7a. [&hellip;]<\/p>\n","protected":false},"author":2,"featured_media":200689,"comment_status":"open","ping_status":"open","sticky":false,"template":"","format":"standard","meta":{"_monsterinsights_skip_tracking":false,"_monsterinsights_sitenote_active":false,"_monsterinsights_sitenote_note":"","_monsterinsights_sitenote_category":0},"categories":[6,30260,30259,12],"tags":[43144,24864,21017,43145],"aioseo_notices":[],"_links":{"self":[{"href":"http:\/\/mspontocom.com.br\/site\/wp-json\/wp\/v2\/posts\/200688"}],"collection":[{"href":"http:\/\/mspontocom.com.br\/site\/wp-json\/wp\/v2\/posts"}],"about":[{"href":"http:\/\/mspontocom.com.br\/site\/wp-json\/wp\/v2\/types\/post"}],"author":[{"embeddable":true,"href":"http:\/\/mspontocom.com.br\/site\/wp-json\/wp\/v2\/users\/2"}],"replies":[{"embeddable":true,"href":"http:\/\/mspontocom.com.br\/site\/wp-json\/wp\/v2\/comments?post=200688"}],"version-history":[{"count":1,"href":"http:\/\/mspontocom.com.br\/site\/wp-json\/wp\/v2\/posts\/200688\/revisions"}],"predecessor-version":[{"id":200690,"href":"http:\/\/mspontocom.com.br\/site\/wp-json\/wp\/v2\/posts\/200688\/revisions\/200690"}],"wp:featuredmedia":[{"embeddable":true,"href":"http:\/\/mspontocom.com.br\/site\/wp-json\/wp\/v2\/media\/200689"}],"wp:attachment":[{"href":"http:\/\/mspontocom.com.br\/site\/wp-json\/wp\/v2\/media?parent=200688"}],"wp:term":[{"taxonomy":"category","embeddable":true,"href":"http:\/\/mspontocom.com.br\/site\/wp-json\/wp\/v2\/categories?post=200688"},{"taxonomy":"post_tag","embeddable":true,"href":"http:\/\/mspontocom.com.br\/site\/wp-json\/wp\/v2\/tags?post=200688"}],"curies":[{"name":"wp","href":"https:\/\/api.w.org\/{rel}","templated":true}]}}