{"id":200691,"date":"2025-06-22T06:43:32","date_gmt":"2025-06-22T10:43:32","guid":{"rendered":"https:\/\/mspontocom.com.br\/site\/?p=200691"},"modified":"2025-06-22T06:43:32","modified_gmt":"2025-06-22T10:43:32","slug":"moro-critica-lula-por-crise-economica-e-aumento-da-violencia-2","status":"publish","type":"post","link":"http:\/\/mspontocom.com.br\/site\/moro-critica-lula-por-crise-economica-e-aumento-da-violencia-2\/","title":{"rendered":"Moro critica Lula por crise econ\u00f4mica e aumento da viol\u00eancia"},"content":{"rendered":"<p style=\"text-align: justify;\"><img loading=\"lazy\" class=\"alignnone size-full wp-image-200692\" src=\"http:\/\/mspontocom.com.br\/site\/wp-content\/uploads\/2025\/06\/site-moro-critica-lula-por-crise-economica-e-aumento-da-violencia-moro-lula-1.jpg\" alt=\"\" width=\"1500\" height=\"1000\" srcset=\"http:\/\/mspontocom.com.br\/site\/wp-content\/uploads\/2025\/06\/site-moro-critica-lula-por-crise-economica-e-aumento-da-violencia-moro-lula-1.jpg 1500w, http:\/\/mspontocom.com.br\/site\/wp-content\/uploads\/2025\/06\/site-moro-critica-lula-por-crise-economica-e-aumento-da-violencia-moro-lula-1-260x173.jpg 260w, http:\/\/mspontocom.com.br\/site\/wp-content\/uploads\/2025\/06\/site-moro-critica-lula-por-crise-economica-e-aumento-da-violencia-moro-lula-1-1024x683.jpg 1024w, http:\/\/mspontocom.com.br\/site\/wp-content\/uploads\/2025\/06\/site-moro-critica-lula-por-crise-economica-e-aumento-da-violencia-moro-lula-1-768x512.jpg 768w\" sizes=\"(max-width: 1500px) 100vw, 1500px\" \/>Em discurso no Plen\u00e1rio,\u00a0 o senador <strong>Sergio Moro<\/strong> (Uni\u00e3o-PR) criticou o governo federal e atribui \u00e0 atual gest\u00e3o a responsabilidade por dificuldades econ\u00f4micas e pelo <strong>aumento da criminalidade no pa\u00eds. <\/strong><\/p>\n<p style=\"text-align: justify;\">Segundo ele, a infla\u00e7\u00e3o de alimentos reduziu o poder de compra da popula\u00e7\u00e3o, enquanto a elevada taxa de juros inibe investimentos produtivos.<\/p>\n<p style=\"text-align: justify;\">O parlamentar classificou a situa\u00e7\u00e3o como resultado de um <strong>\u201cdescontrole fiscal\u201d<\/strong> e questionou os impactos dessas pol\u00edticas no futuro do Brasil.<\/p>\n<blockquote><p><em>\u2014 Tudo isso \u00e9 decorrente da falta de lideran\u00e7a ou at\u00e9 da m\u00e1 lideran\u00e7a que temos no pa\u00eds. E tendo n\u00f3s, infelizmente, como presidente algu\u00e9m que foi<strong> condenado criminalmente no passado<\/strong> e teve sua condena\u00e7\u00e3o anulada sem justificativa jur\u00eddica \u2014 afirmou.<\/em><\/p><\/blockquote>\n<p style=\"text-align: justify;\">Moro tamb\u00e9m alertou para a escalada da viol\u00eancia e a crescente atua\u00e7\u00e3o do crime organizado.<\/p>\n<h3 style=\"text-align: justify;\"><strong>Lava Jato<\/strong><\/h3>\n<p style=\"text-align: justify;\">O parlamentar criticou ainda a anula\u00e7\u00e3o de condena\u00e7\u00f5es da Opera\u00e7\u00e3o Lava Jato e mencionou a decis\u00e3o do ministro Dias Toffoli, do Supremo Tribunal Federal (STF), que anulou as senten\u00e7as do ex-ministro da Fazenda Ant\u00f4nio Palocci.<\/p>\n<p style=\"text-align: justify;\">Para Moro, a decis\u00e3o desconsidera provas e confiss\u00f5es obtidas durante a opera\u00e7\u00e3o.<\/p>\n<p style=\"text-align: justify;\" align=\"justify\"><span style=\"font-family: Times New Roman, serif;\"><span style=\"font-size: medium;\"><span style=\"color: #ed4c05;\"><i><b>Continue em nossa companhia . Veja mais not\u00edcias em<\/b><\/i><\/span><b>:<\/b> <span style=\"color: #0000ff;\"><u><a href=\"http:\/\/www.mspontocom.com.br\/\">www.mspontocom.com.br<\/a><\/u><\/span><\/span><\/span><\/p>\n<p style=\"text-align: justify;\" align=\"justify\"><span style=\"font-family: Times New Roman, serif;\"><span style=\"font-size: medium;\">Instagram e X:\u00a0 @mspontocom<\/span><\/span><\/p>\n<p style=\"text-align: justify;\">Fonte: Ag\u00eancia Senado<\/p>\n","protected":false},"excerpt":{"rendered":"<p>Em discurso no Plen\u00e1rio,\u00a0 o senador Sergio Moro (Uni\u00e3o-PR) criticou o governo federal e atribui \u00e0 atual gest\u00e3o a responsabilidade por dificuldades econ\u00f4micas e pelo aumento da criminalidade no pa\u00eds. Segundo ele, a infla\u00e7\u00e3o de alimentos reduziu o poder de compra da popula\u00e7\u00e3o, enquanto a elevada taxa de juros inibe investimentos produtivos. O parlamentar classificou [&hellip;]<\/p>\n","protected":false},"author":2,"featured_media":200692,"comment_status":"open","ping_status":"open","sticky":false,"template":"","format":"standard","meta":{"_monsterinsights_skip_tracking":false,"_monsterinsights_sitenote_active":false,"_monsterinsights_sitenote_note":"","_monsterinsights_sitenote_category":0},"categories":[6,30260,30259,12],"tags":[43146,6812,24747,480,23158],"aioseo_notices":[],"_links":{"self":[{"href":"http:\/\/mspontocom.com.br\/site\/wp-json\/wp\/v2\/posts\/200691"}],"collection":[{"href":"http:\/\/mspontocom.com.br\/site\/wp-json\/wp\/v2\/posts"}],"about":[{"href":"http:\/\/mspontocom.com.br\/site\/wp-json\/wp\/v2\/types\/post"}],"author":[{"embeddable":true,"href":"http:\/\/mspontocom.com.br\/site\/wp-json\/wp\/v2\/users\/2"}],"replies":[{"embeddable":true,"href":"http:\/\/mspontocom.com.br\/site\/wp-json\/wp\/v2\/comments?post=200691"}],"version-history":[{"count":1,"href":"http:\/\/mspontocom.com.br\/site\/wp-json\/wp\/v2\/posts\/200691\/revisions"}],"predecessor-version":[{"id":200693,"href":"http:\/\/mspontocom.com.br\/site\/wp-json\/wp\/v2\/posts\/200691\/revisions\/200693"}],"wp:featuredmedia":[{"embeddable":true,"href":"http:\/\/mspontocom.com.br\/site\/wp-json\/wp\/v2\/media\/200692"}],"wp:attachment":[{"href":"http:\/\/mspontocom.com.br\/site\/wp-json\/wp\/v2\/media?parent=200691"}],"wp:term":[{"taxonomy":"category","embeddable":true,"href":"http:\/\/mspontocom.com.br\/site\/wp-json\/wp\/v2\/categories?post=200691"},{"taxonomy":"post_tag","embeddable":true,"href":"http:\/\/mspontocom.com.br\/site\/wp-json\/wp\/v2\/tags?post=200691"}],"curies":[{"name":"wp","href":"https:\/\/api.w.org\/{rel}","templated":true}]}}