{"id":200699,"date":"2025-06-23T05:46:07","date_gmt":"2025-06-23T09:46:07","guid":{"rendered":"https:\/\/mspontocom.com.br\/site\/?p=200699"},"modified":"2025-06-23T05:46:07","modified_gmt":"2025-06-23T09:46:07","slug":"pt-teme-derrota-em-2026-se-lula-mantiver-politica-economica","status":"publish","type":"post","link":"http:\/\/mspontocom.com.br\/site\/pt-teme-derrota-em-2026-se-lula-mantiver-politica-economica\/","title":{"rendered":"PT teme derrota em 2026 se Lula mantiver pol\u00edtica econ\u00f4mica"},"content":{"rendered":"<p class=\"styles__ParagraphStyled-sc-6adecn-0 kKiXme \" style=\"text-align: justify;\" data-component-name=\"paragraph\"><img loading=\"lazy\" class=\"alignnone size-full wp-image-200711\" src=\"http:\/\/mspontocom.com.br\/site\/wp-content\/uploads\/2025\/06\/site-pt-teme-derrota-em-2026-se-lula-mantiver-politica-economica-vencido.jpg\" alt=\"\" width=\"780\" height=\"470\" srcset=\"http:\/\/mspontocom.com.br\/site\/wp-content\/uploads\/2025\/06\/site-pt-teme-derrota-em-2026-se-lula-mantiver-politica-economica-vencido.jpg 780w, http:\/\/mspontocom.com.br\/site\/wp-content\/uploads\/2025\/06\/site-pt-teme-derrota-em-2026-se-lula-mantiver-politica-economica-vencido-260x157.jpg 260w, http:\/\/mspontocom.com.br\/site\/wp-content\/uploads\/2025\/06\/site-pt-teme-derrota-em-2026-se-lula-mantiver-politica-economica-vencido-768x463.jpg 768w\" sizes=\"(max-width: 780px) 100vw, 780px\" \/>Os debates entre os quatro candidatos \u00e0 presid\u00eancia do PT t\u00eam escancarado n\u00e3o apenas as diverg\u00eancias em rela\u00e7\u00e3o \u00e0 pol\u00edtica econ\u00f4mica do governo como tamb\u00e9m o\u00a0<strong> medo de que Lula n\u00e3o seja reeleito em 2026<\/strong>\u00a0se n\u00e3o mudar os rumos de sua gest\u00e3o.<\/p>\n<p class=\"styles__ParagraphStyled-sc-6adecn-0 kKiXme \" style=\"text-align: justify;\" data-component-name=\"paragraph\">Com exce\u00e7\u00e3o do ex-prefeito de Araraquara Edinho Silva, todos os outros concorrentes atacam decis\u00f5es tomadas pelo governo, pregam alian\u00e7as \u00e0 esquerda para 2026 e defendem at\u00e9 a demiss\u00e3o de ministros, como Jos\u00e9 M\u00facio, titular da Defesa.<\/p>\n<div class=\"styles__MultiParagraphAdStyled-sc-1yb8ue6-0 gXPsoJ\" data-component-name=\"multi-paragraph\">\n<div class=\"paragraph\">\n<p style=\"text-align: justify;\">\u201cOu o governo muda ou o povo muda de governo\u201d, resumiu o secret\u00e1rio de Rela\u00e7\u00f5es Internacionais do PT, Rom\u00eanio Pereira.<\/p>\n<blockquote><p><em>\u201cO presidente Lula precisa rapidamente dialogar com a popula\u00e7\u00e3o mais pobre deste Pa\u00eds e, infelizmente, n\u00e3o est\u00e1 fazendo (isso)\u201d, completou o candidato \u00e0 presid\u00eancia do partido pela corrente Movimento PT.<\/em><\/p>\n<p class=\"styles__ParagraphStyled-sc-6adecn-0 kKiXme \" data-component-name=\"paragraph\"><em>\u201cAs coisas caminham na dire\u00e7\u00e3o de Tarc\u00edsio (de Freitas), um fascista com pinta de tecnocrata. E as pesquisas v\u00e3o registrando nosso desgaste. Se mantivermos a pol\u00edtica atual, seremos derrotados em 2026\u2033, escreveu Pomar, um dia depois do debate, em seu blog.<\/em><\/p>\n<\/blockquote>\n<p class=\"styles__ParagraphStyled-sc-6adecn-0 kKiXme \" style=\"text-align: justify;\" data-component-name=\"paragraph\">O deputado Rui Falc\u00e3o (SP) destacou, por sua vez, que Lula deveria ter ido \u00e0 televis\u00e3o defender as mudan\u00e7as no IOF.<\/p>\n<p class=\"styles__ParagraphStyled-sc-6adecn-0 kKiXme \" style=\"text-align: justify;\" data-component-name=\"paragraph\">\u00a0Para ele, o presidente e o partido precisam ter coragem de combater o <strong>\u201csenso comum\u201d<\/strong>, segundo o qual o<strong> governo s\u00f3 quer aumentar impostos.<\/strong><\/p>\n<p class=\"styles__ParagraphStyled-sc-6adecn-0 kKiXme \" style=\"text-align: justify;\" data-component-name=\"paragraph\">Ao cobrar uma guinada no PT, Falc\u00e3o provocou a atual dire\u00e7\u00e3o: disse que n\u00e3o se pode mascarar o resultado das elei\u00e7\u00f5es municipais do ano passado.<\/p>\n<div class=\"styles__MultiParagraphAdStyled-sc-1yb8ue6-0 gXPsoJ\" data-component-name=\"multi-paragraph\">\n<div class=\"paragraph\">\n<blockquote><p><em>\u201cN\u00f3s perdemos as elei\u00e7\u00f5es, ainda que o projeto Poliana diga o seguinte: \u2019N\u00f3s ganhamos porque fizemos maioria somando os nossos aliados em rela\u00e7\u00e3o aos bolsonaristas\u2019. Isso \u00e9 uma ilus\u00e3o\u201d, alfinetou.<\/em><\/p><\/blockquote>\n<p style=\"text-align: justify;\">Alvo de todos os colegas e amigo do ministro da Fazenda, Fernando Haddad, Edinho afirmou que o PT precisa ter \u201csabedoria pol\u00edtica\u201d para entender a sociedade de hoje e defender o governo.<\/p>\n<p style=\"text-align: justify;\" align=\"justify\"><span style=\"font-family: Times New Roman, serif;\"><span style=\"font-size: medium;\"><span style=\"color: #ed4c05;\"><i><b>Continue em nossa companhia . Veja mais not\u00edcias em<\/b><\/i><\/span><b>:<\/b> <span style=\"color: #0000ff;\"><u><a href=\"http:\/\/www.mspontocom.com.br\/\">www.mspontocom.com.br<\/a><\/u><\/span><\/span><\/span><\/p>\n<p style=\"text-align: justify;\">fonte: Coluna do Estad\u00e3o<\/p>\n<\/div>\n<\/div>\n<\/div>\n<\/div>\n","protected":false},"excerpt":{"rendered":"<p>Os debates entre os quatro candidatos \u00e0 presid\u00eancia do PT t\u00eam escancarado n\u00e3o apenas as diverg\u00eancias em rela\u00e7\u00e3o \u00e0 pol\u00edtica econ\u00f4mica do governo como tamb\u00e9m o\u00a0 medo de que Lula n\u00e3o seja reeleito em 2026\u00a0se n\u00e3o mudar os rumos de sua gest\u00e3o. Com exce\u00e7\u00e3o do ex-prefeito de Araraquara Edinho Silva, todos os outros concorrentes atacam [&hellip;]<\/p>\n","protected":false},"author":2,"featured_media":200711,"comment_status":"open","ping_status":"open","sticky":false,"template":"","format":"standard","meta":{"_monsterinsights_skip_tracking":false,"_monsterinsights_sitenote_active":false,"_monsterinsights_sitenote_note":"","_monsterinsights_sitenote_category":0},"categories":[6,30260,15,30259,12],"tags":[480,18445,533,43149],"aioseo_notices":[],"_links":{"self":[{"href":"http:\/\/mspontocom.com.br\/site\/wp-json\/wp\/v2\/posts\/200699"}],"collection":[{"href":"http:\/\/mspontocom.com.br\/site\/wp-json\/wp\/v2\/posts"}],"about":[{"href":"http:\/\/mspontocom.com.br\/site\/wp-json\/wp\/v2\/types\/post"}],"author":[{"embeddable":true,"href":"http:\/\/mspontocom.com.br\/site\/wp-json\/wp\/v2\/users\/2"}],"replies":[{"embeddable":true,"href":"http:\/\/mspontocom.com.br\/site\/wp-json\/wp\/v2\/comments?post=200699"}],"version-history":[{"count":2,"href":"http:\/\/mspontocom.com.br\/site\/wp-json\/wp\/v2\/posts\/200699\/revisions"}],"predecessor-version":[{"id":200712,"href":"http:\/\/mspontocom.com.br\/site\/wp-json\/wp\/v2\/posts\/200699\/revisions\/200712"}],"wp:featuredmedia":[{"embeddable":true,"href":"http:\/\/mspontocom.com.br\/site\/wp-json\/wp\/v2\/media\/200711"}],"wp:attachment":[{"href":"http:\/\/mspontocom.com.br\/site\/wp-json\/wp\/v2\/media?parent=200699"}],"wp:term":[{"taxonomy":"category","embeddable":true,"href":"http:\/\/mspontocom.com.br\/site\/wp-json\/wp\/v2\/categories?post=200699"},{"taxonomy":"post_tag","embeddable":true,"href":"http:\/\/mspontocom.com.br\/site\/wp-json\/wp\/v2\/tags?post=200699"}],"curies":[{"name":"wp","href":"https:\/\/api.w.org\/{rel}","templated":true}]}}