{"id":200701,"date":"2025-06-23T05:27:16","date_gmt":"2025-06-23T09:27:16","guid":{"rendered":"https:\/\/mspontocom.com.br\/site\/?p=200701"},"modified":"2025-06-23T05:27:16","modified_gmt":"2025-06-23T09:27:16","slug":"bolsonaro-diz-que-mudaria-o-brasil-com-metade-do-congresso","status":"publish","type":"post","link":"http:\/\/mspontocom.com.br\/site\/bolsonaro-diz-que-mudaria-o-brasil-com-metade-do-congresso\/","title":{"rendered":"Bolsonaro diz que mudaria o Brasil com metade do Congresso"},"content":{"rendered":"<p style=\"text-align: justify;\"><img loading=\"lazy\" class=\"alignnone size-full wp-image-200707\" src=\"http:\/\/mspontocom.com.br\/site\/wp-content\/uploads\/2025\/06\/site-bolsonaro-diz-que-mudaria-o-brasil-com-metade-do-congresso-bolsonaro-microfone.jpeg\" alt=\"\" width=\"1044\" height=\"587\" srcset=\"http:\/\/mspontocom.com.br\/site\/wp-content\/uploads\/2025\/06\/site-bolsonaro-diz-que-mudaria-o-brasil-com-metade-do-congresso-bolsonaro-microfone.jpeg 1044w, http:\/\/mspontocom.com.br\/site\/wp-content\/uploads\/2025\/06\/site-bolsonaro-diz-que-mudaria-o-brasil-com-metade-do-congresso-bolsonaro-microfone-260x146.jpeg 260w, http:\/\/mspontocom.com.br\/site\/wp-content\/uploads\/2025\/06\/site-bolsonaro-diz-que-mudaria-o-brasil-com-metade-do-congresso-bolsonaro-microfone-1024x576.jpeg 1024w, http:\/\/mspontocom.com.br\/site\/wp-content\/uploads\/2025\/06\/site-bolsonaro-diz-que-mudaria-o-brasil-com-metade-do-congresso-bolsonaro-microfone-768x432.jpeg 768w\" sizes=\"(max-width: 1044px) 100vw, 1044px\" \/>O ex-presidente <strong>Jair Bolsonaro<\/strong>\u00a0 usou seus perfis nas redes sociais neste domingo para demonstrar apoio aos ataques dos Estados Unidos ao Ir\u00e3.<\/p>\n<p style=\"text-align: justify;\">Ele compartilhou imagens com o presidente dos Estados Unidos,<strong> Donald Trump<\/strong>\u00a0 e com o primeiro-ministro de Israel,<strong> Benjamin Netanyahu.\u00a0 <\/strong><\/p>\n<p style=\"text-align: justify;\">Em cima da foto com o israelense h\u00e1 a seguinte legenda:<\/p>\n<p style=\"text-align: justify;\"><span style=\"font-size: 14pt;\"><strong> \u201cD\u00ea-me 50% da C\u00e2mara e 50% do Senado que eu mudo o destino do Brasil\u201d.<\/strong><\/span><\/p>\n<p style=\"text-align: justify;\">Segundo o ex-presidente, a forma\u00e7\u00e3o de uma bancada forte na Casa Alta \u00e9 a prioridade para \u201creequilibrar os Poderes\u201d e para que se possa \u201cfalar em democracia de verdade\u201d.<\/p>\n<p style=\"text-align: justify;\">Os senadores t\u00eam entre suas atribui\u00e7\u00f5es abrir processos de <strong>impeachment<\/strong> contra ministros do <strong>STF<\/strong>\u2013algo que nunca aconteceu na hist\u00f3ria do pa\u00eds.<\/p>\n<p style=\"text-align: justify;\">O ex-presidente e seus apoiadores s\u00e3o cr\u00edticos recorrentes do STF.<\/p>\n<p style=\"text-align: justify;\" align=\"justify\"><span style=\"font-family: Times New Roman, serif;\"><span style=\"font-size: medium;\"><span style=\"color: #ed4c05;\"><i><b>Continue em nossa companhia . Veja mais not\u00edcias em<\/b><\/i><\/span><b>:<\/b> <span style=\"color: #0000ff;\"><u><a href=\"http:\/\/www.mspontocom.com.br\/\">www.mspontocom.com.br<\/a><\/u><\/span><\/span><\/span><\/p>\n","protected":false},"excerpt":{"rendered":"<p>O ex-presidente Jair Bolsonaro\u00a0 usou seus perfis nas redes sociais neste domingo para demonstrar apoio aos ataques dos Estados Unidos ao Ir\u00e3. Ele compartilhou imagens com o presidente dos Estados Unidos, Donald Trump\u00a0 e com o primeiro-ministro de Israel, Benjamin Netanyahu.\u00a0 Em cima da foto com o israelense h\u00e1 a seguinte legenda: \u201cD\u00ea-me 50% da [&hellip;]<\/p>\n","protected":false},"author":2,"featured_media":200707,"comment_status":"open","ping_status":"open","sticky":false,"template":"","format":"standard","meta":{"_monsterinsights_skip_tracking":false,"_monsterinsights_sitenote_active":false,"_monsterinsights_sitenote_note":"","_monsterinsights_sitenote_category":0},"categories":[6,30260,30259,12],"tags":[21017,30254,2576,42088,43148],"aioseo_notices":[],"_links":{"self":[{"href":"http:\/\/mspontocom.com.br\/site\/wp-json\/wp\/v2\/posts\/200701"}],"collection":[{"href":"http:\/\/mspontocom.com.br\/site\/wp-json\/wp\/v2\/posts"}],"about":[{"href":"http:\/\/mspontocom.com.br\/site\/wp-json\/wp\/v2\/types\/post"}],"author":[{"embeddable":true,"href":"http:\/\/mspontocom.com.br\/site\/wp-json\/wp\/v2\/users\/2"}],"replies":[{"embeddable":true,"href":"http:\/\/mspontocom.com.br\/site\/wp-json\/wp\/v2\/comments?post=200701"}],"version-history":[{"count":2,"href":"http:\/\/mspontocom.com.br\/site\/wp-json\/wp\/v2\/posts\/200701\/revisions"}],"predecessor-version":[{"id":200708,"href":"http:\/\/mspontocom.com.br\/site\/wp-json\/wp\/v2\/posts\/200701\/revisions\/200708"}],"wp:featuredmedia":[{"embeddable":true,"href":"http:\/\/mspontocom.com.br\/site\/wp-json\/wp\/v2\/media\/200707"}],"wp:attachment":[{"href":"http:\/\/mspontocom.com.br\/site\/wp-json\/wp\/v2\/media?parent=200701"}],"wp:term":[{"taxonomy":"category","embeddable":true,"href":"http:\/\/mspontocom.com.br\/site\/wp-json\/wp\/v2\/categories?post=200701"},{"taxonomy":"post_tag","embeddable":true,"href":"http:\/\/mspontocom.com.br\/site\/wp-json\/wp\/v2\/tags?post=200701"}],"curies":[{"name":"wp","href":"https:\/\/api.w.org\/{rel}","templated":true}]}}