{"id":200703,"date":"2025-06-23T05:16:09","date_gmt":"2025-06-23T09:16:09","guid":{"rendered":"https:\/\/mspontocom.com.br\/site\/?p=200703"},"modified":"2025-06-23T05:16:09","modified_gmt":"2025-06-23T09:16:09","slug":"guzzo-radicalismo-e-a-unica-resposta-de-lula-ao-proprio-fracasso","status":"publish","type":"post","link":"http:\/\/mspontocom.com.br\/site\/guzzo-radicalismo-e-a-unica-resposta-de-lula-ao-proprio-fracasso\/","title":{"rendered":"Guzzo: Radicalismo \u00e9 a \u00fanica resposta de Lula ao pr\u00f3prio fracasso"},"content":{"rendered":"<p style=\"text-align: justify;\"><strong><img loading=\"lazy\" class=\"alignnone size-full wp-image-200705\" src=\"http:\/\/mspontocom.com.br\/site\/wp-content\/uploads\/2025\/06\/site-guzzo-radicalismo-e-a-unica-resposta-de-lula-ao-proprio-fracasso-lula-irritado.jpg\" alt=\"\" width=\"840\" height=\"560\" srcset=\"http:\/\/mspontocom.com.br\/site\/wp-content\/uploads\/2025\/06\/site-guzzo-radicalismo-e-a-unica-resposta-de-lula-ao-proprio-fracasso-lula-irritado.jpg 840w, http:\/\/mspontocom.com.br\/site\/wp-content\/uploads\/2025\/06\/site-guzzo-radicalismo-e-a-unica-resposta-de-lula-ao-proprio-fracasso-lula-irritado-260x173.jpg 260w, http:\/\/mspontocom.com.br\/site\/wp-content\/uploads\/2025\/06\/site-guzzo-radicalismo-e-a-unica-resposta-de-lula-ao-proprio-fracasso-lula-irritado-768x512.jpg 768w\" sizes=\"(max-width: 840px) 100vw, 840px\" \/>(<em>J. R. Guzzo<\/em>, publicado no jornal\u00a0<em>O Estado de S. Paulo<\/em>\u00a0em 21 de junho de 2025)<\/strong><\/p>\n<p style=\"text-align: justify;\">Do presidente Lula sempre se pode esperar pelo menos uma coisa: todas as vezes em que \u00e9 for\u00e7ado a enfrentar um problema, ele fica mais radical.<\/p>\n<p style=\"text-align: justify;\">\u00c9 autom\u00e1tico. Algum problema complicou? Lula nunca segue a regra segundo a qual \u00e9 melhor n\u00e3o fazer nada quando n\u00e3o h\u00e1 uma op\u00e7\u00e3o \u00f3bvia para se tomar \u2014 e s\u00f3 agir quando aparece uma ideia mais coerente do que deve ser feito.<\/p>\n<p style=\"text-align: justify;\">O presidente faz o contr\u00e1rio.<\/p>\n<p style=\"text-align: justify;\">Neste momento, Lula est\u00e1 sem uma sa\u00edda realista para desembrulhar o X-tudo de problemas criados, para se resumir a hist\u00f3ria, por ele mesmo e pela nulidade absoluta que foi seu governo at\u00e9 agora.<\/p>\n<p style=\"text-align: justify;\">Pense em alguma coisa positiva, uma \u00fanica que seja, que possa ser atribu\u00edda ao governo Lula nestes \u00faltimos dois anos e meio.<\/p>\n<p style=\"text-align: justify;\">Essa coisa n\u00e3o existe. Todo mundo v\u00ea e sabe que n\u00e3o existe.<\/p>\n<p style=\"text-align: justify;\">O resultado de um governo com os mais baixos \u00edndices de qualidade na mem\u00f3ria recente \u00e9 que o presidente se v\u00ea numa daquelas lutas amadoras de boxe de quermesse, em que um n\u00e3o sabe lutar e o outro n\u00e3o tem nada de amador; sabe-se bem como acabam essas coisas.<\/p>\n<p style=\"text-align: justify;\">O governo est\u00e1 como um morto-vivo no meio do ringue, ap\u00f3s levar uma sucess\u00e3o de surras no Congresso que deixam \u00f3bvia a sua pura e simples incapacidade de governar o pa\u00eds.<\/p>\n<div id=\"hd80s9wa1h892edh8192\">\n<h2 id=\"h-o-fracasso-do-governo-lula\" class=\"wp-block-heading\" style=\"text-align: justify;\">O fracasso do governo Lula<\/h2>\n<p style=\"text-align: justify;\">Lula nunca chegou a governar, na verdade, desde o seu primeiro dia no cargo de presidente \u2014 por in\u00e9pcia org\u00e2nica, as piores inten\u00e7\u00f5es e uma arrog\u00e2ncia que chega \u00e0s fronteiras da descompensa\u00e7\u00e3o mental.<\/p>\n<p style=\"text-align: justify;\">N\u00e3o avan\u00e7ou na solu\u00e7\u00e3o de nenhum problema; s\u00f3 criou problemas novos.<\/p>\n<p style=\"text-align: justify;\">Em todas as escolhas que apareceram, fez a pior.<\/p>\n<p style=\"text-align: justify;\">Agora, mesmo que soubesse fazer alguma coisa de \u00fatil, est\u00e1 morto no\u00a0<strong><a href=\"https:\/\/www.congressonacional.leg.br\/\" target=\"_blank\" rel=\"noreferrer noopener\">Congresso<\/a><\/strong>.<\/p>\n<blockquote><p><em>\u201cLula da Silva assiste ao desmonte de sua autoridade\u201d, resumiu o\u00a0Estad\u00e3o\u00a0em editorial<\/em>.<\/p><\/blockquote>\n<p style=\"text-align: justify;\">Como n\u00e3o resiste a cometer um erro, ou uma p\u00e1 de erros seguidos, sem imediatamente cometer um erro novo na tentativa de ganhar alguma coisa, o presidente reage \u00e0s suas mis\u00e9rias se metendo na fantasia de guerreiro da esquerda brasileira \u2014 e mundial.<\/p>\n<p style=\"text-align: justify;\">Em vez de pensar, agride.<\/p>\n<figure class=\"wp-block-embed is-type-video is-provider-youtube wp-block-embed-youtube wp-embed-aspect-16-9 wp-has-aspect-ratio\" style=\"text-align: justify;\">\n<div class=\"wp-block-embed__wrapper\"><\/div>\n<\/figure>\n<p style=\"text-align: justify;\">Na frente interna, Lula declarou a 25\u00aa \u201cGuerra aos Ricos\u201d dos seus 40 anos de pol\u00edtica.<\/p>\n<p style=\"text-align: justify;\">Toda a sua esperan\u00e7a se resume aos 55 milh\u00f5es de infelizes que condenou \u00e0 mendic\u00e2ncia perp\u00e9tua do\u00a0<strong>Bolsa Fam\u00edlia<\/strong>; acha que melhora a vida dos pobres atacando os demais.<\/p>\n<p style=\"text-align: justify;\">Quer que os ricos paguem a conta de luz dos pobres \u2014 ele, que n\u00e3o paga uma conta de luz desde o s\u00e9culo passado. Quer mais imposto.<\/p>\n<p style=\"text-align: justify;\">Na frente externa, est\u00e1 apostando pesado no antissemitismo: decidiu que difamar\u00a0<strong>Israel<\/strong>\u00a0vai resolver os seus problemas no Brasil e est\u00e1 fechado com a ditadura e com os terroristas que querem varrer os judeus da face da Terra.<\/p>\n<p style=\"text-align: justify;\">\u00c9 a op\u00e7\u00e3o pelos p\u00e1rias.<\/p>\n<p style=\"text-align: justify;\" align=\"justify\">\n<p style=\"text-align: justify;\" align=\"justify\"><span style=\"font-family: Times New Roman, serif;\"><span style=\"font-size: medium;\"><span style=\"color: #ed4c05;\"><i><b>Continue em nossa companhia . Veja mais not\u00edcias em<\/b><\/i><\/span><b>:<\/b> <span style=\"color: #0000ff;\"><u><a href=\"http:\/\/www.mspontocom.com.br\/\">www.mspontocom.com.br<\/a><\/u><\/span><\/span><\/span><\/p>\n<p style=\"text-align: justify;\" align=\"justify\"><span style=\"font-family: Times New Roman, serif;\"><span style=\"font-size: medium;\">Instagram e X:\u00a0 @mspontocom<\/span><\/span><\/p>\n<\/div>\n<p><a href=\"https:\/\/revistaoeste.com\/politica\/radicalismo-e-a-unica-resposta-de-lula-ao-proprio-fracasso\/\">Via Revista Oeste<\/a><\/p>\n","protected":false},"excerpt":{"rendered":"<p>(J. R. Guzzo, publicado no jornal\u00a0O Estado de S. Paulo\u00a0em 21 de junho de 2025) Do presidente Lula sempre se pode esperar pelo menos uma coisa: todas as vezes em que \u00e9 for\u00e7ado a enfrentar um problema, ele fica mais radical. \u00c9 autom\u00e1tico. Algum problema complicou? Lula nunca segue a regra segundo a qual \u00e9 [&hellip;]<\/p>\n","protected":false},"author":2,"featured_media":200705,"comment_status":"open","ping_status":"open","sticky":false,"template":"","format":"standard","meta":{"_monsterinsights_skip_tracking":false,"_monsterinsights_sitenote_active":false,"_monsterinsights_sitenote_note":"","_monsterinsights_sitenote_category":0},"categories":[6,30260,30259,12],"tags":[40336,39034,480,43147,38801],"aioseo_notices":[],"_links":{"self":[{"href":"http:\/\/mspontocom.com.br\/site\/wp-json\/wp\/v2\/posts\/200703"}],"collection":[{"href":"http:\/\/mspontocom.com.br\/site\/wp-json\/wp\/v2\/posts"}],"about":[{"href":"http:\/\/mspontocom.com.br\/site\/wp-json\/wp\/v2\/types\/post"}],"author":[{"embeddable":true,"href":"http:\/\/mspontocom.com.br\/site\/wp-json\/wp\/v2\/users\/2"}],"replies":[{"embeddable":true,"href":"http:\/\/mspontocom.com.br\/site\/wp-json\/wp\/v2\/comments?post=200703"}],"version-history":[{"count":2,"href":"http:\/\/mspontocom.com.br\/site\/wp-json\/wp\/v2\/posts\/200703\/revisions"}],"predecessor-version":[{"id":200706,"href":"http:\/\/mspontocom.com.br\/site\/wp-json\/wp\/v2\/posts\/200703\/revisions\/200706"}],"wp:featuredmedia":[{"embeddable":true,"href":"http:\/\/mspontocom.com.br\/site\/wp-json\/wp\/v2\/media\/200705"}],"wp:attachment":[{"href":"http:\/\/mspontocom.com.br\/site\/wp-json\/wp\/v2\/media?parent=200703"}],"wp:term":[{"taxonomy":"category","embeddable":true,"href":"http:\/\/mspontocom.com.br\/site\/wp-json\/wp\/v2\/categories?post=200703"},{"taxonomy":"post_tag","embeddable":true,"href":"http:\/\/mspontocom.com.br\/site\/wp-json\/wp\/v2\/tags?post=200703"}],"curies":[{"name":"wp","href":"https:\/\/api.w.org\/{rel}","templated":true}]}}