{"id":200730,"date":"2025-06-24T06:17:59","date_gmt":"2025-06-24T10:17:59","guid":{"rendered":"https:\/\/mspontocom.com.br\/site\/?p=200730"},"modified":"2025-06-24T06:17:59","modified_gmt":"2025-06-24T10:17:59","slug":"sob-justificativa-de-democracia-pt-foi-contra-mp-antifraude-no-inss","status":"publish","type":"post","link":"http:\/\/mspontocom.com.br\/site\/sob-justificativa-de-democracia-pt-foi-contra-mp-antifraude-no-inss\/","title":{"rendered":"Sob justificativa de \u2018Democracia\u2019, PT foi contra MP antifraude no INSS"},"content":{"rendered":"<p><img loading=\"lazy\" class=\"alignnone size-full wp-image-200731\" src=\"http:\/\/mspontocom.com.br\/site\/wp-content\/uploads\/2025\/06\/site-sob-justificativa-de-democracia-pt-foi-contra-mp-antifraude-no-inss-lula-inss-boa-400x210-1.jpeg\" alt=\"\" width=\"400\" height=\"210\" srcset=\"http:\/\/mspontocom.com.br\/site\/wp-content\/uploads\/2025\/06\/site-sob-justificativa-de-democracia-pt-foi-contra-mp-antifraude-no-inss-lula-inss-boa-400x210-1.jpeg 400w, http:\/\/mspontocom.com.br\/site\/wp-content\/uploads\/2025\/06\/site-sob-justificativa-de-democracia-pt-foi-contra-mp-antifraude-no-inss-lula-inss-boa-400x210-1-260x137.jpeg 260w\" sizes=\"(max-width: 400px) 100vw, 400px\" \/><\/p>\n<p>Parlamentares de esquerda, especialmente do PT, se posicionaram contra a Medida Provis\u00f3ria 871\/2019.<\/p>\n<p><strong>Esta tinha o prop\u00f3sito de combater irregularidades no INSS.<\/strong><\/p>\n<p>A justificativa dada foi que organiza\u00e7\u00f5es associativas de aposentados, como a\u00a0<a class=\"st_tag internal_tag \" title=\"Veja mais postagens sobre  Contag\" href=\"https:\/\/www.folhadestra.com\/tag\/contag\/\" rel=\"tag\">Contag<\/a>, s\u00e3o essenciais para a prote\u00e7\u00e3o do Estado Democr\u00e1tico de Direito.<\/p>\n<p>As altera\u00e7\u00f5es propostas na MP, sugeridas por deputados e senadores de esquerda, incluem o argumento em quest\u00e3o nas emendas apresentadas.<\/p>\n<p>Historicamente ligada ao PT, suspeita-se que a Contag esteja envolvida em dedu\u00e7\u00f5es impr\u00f3prias que podem atingir R$ 2 bilh\u00f5es.<\/p>\n<p>No total, o nome da organiza\u00e7\u00e3o ou de sua advogada aparece como autor em 96 das 578 emendas propostas.<\/p>\n<p>Emendas redigidas pela confedera\u00e7\u00e3o foram assinadas por 15 parlamentares, incluindo nove do PT.<\/p>\n<p>A Contag solicitou que os deputados e senadores removessem do texto a necessidade de revalida\u00e7\u00e3o anual de assinaturas e autoriza\u00e7\u00f5es dos aposentados e pensionistas.<\/p>\n<p align=\"justify\"><span style=\"font-family: Times New Roman, serif;\"><span style=\"font-size: medium;\"><span style=\"color: #ed4c05;\"><i><b>Continue em nossa companhia . Veja mais not\u00edcias em<\/b><\/i><\/span><b>:<\/b> <span style=\"color: #0000ff;\"><u><a href=\"http:\/\/www.mspontocom.com.br\/\">www.mspontocom.com.br<\/a><\/u><\/span><\/span><\/span><\/p>\n<p align=\"justify\"><span style=\"font-family: Times New Roman, serif;\"><span style=\"font-size: medium;\">Instagram e X:\u00a0 @mspontocom<\/span><\/span><\/p>\n<p>fonte: Metr\u00f3poles<\/p>\n","protected":false},"excerpt":{"rendered":"<p>Parlamentares de esquerda, especialmente do PT, se posicionaram contra a Medida Provis\u00f3ria 871\/2019. Esta tinha o prop\u00f3sito de combater irregularidades no INSS. A justificativa dada foi que organiza\u00e7\u00f5es associativas de aposentados, como a\u00a0Contag, s\u00e3o essenciais para a prote\u00e7\u00e3o do Estado Democr\u00e1tico de Direito. As altera\u00e7\u00f5es propostas na MP, sugeridas por deputados e senadores de esquerda, [&hellip;]<\/p>\n","protected":false},"author":2,"featured_media":200731,"comment_status":"open","ping_status":"open","sticky":false,"template":"","format":"standard","meta":{"_monsterinsights_skip_tracking":false,"_monsterinsights_sitenote_active":false,"_monsterinsights_sitenote_note":"","_monsterinsights_sitenote_category":0},"categories":[6,30260,30259,12],"tags":[43153,23797,129,3523,533],"aioseo_notices":[],"_links":{"self":[{"href":"http:\/\/mspontocom.com.br\/site\/wp-json\/wp\/v2\/posts\/200730"}],"collection":[{"href":"http:\/\/mspontocom.com.br\/site\/wp-json\/wp\/v2\/posts"}],"about":[{"href":"http:\/\/mspontocom.com.br\/site\/wp-json\/wp\/v2\/types\/post"}],"author":[{"embeddable":true,"href":"http:\/\/mspontocom.com.br\/site\/wp-json\/wp\/v2\/users\/2"}],"replies":[{"embeddable":true,"href":"http:\/\/mspontocom.com.br\/site\/wp-json\/wp\/v2\/comments?post=200730"}],"version-history":[{"count":1,"href":"http:\/\/mspontocom.com.br\/site\/wp-json\/wp\/v2\/posts\/200730\/revisions"}],"predecessor-version":[{"id":200732,"href":"http:\/\/mspontocom.com.br\/site\/wp-json\/wp\/v2\/posts\/200730\/revisions\/200732"}],"wp:featuredmedia":[{"embeddable":true,"href":"http:\/\/mspontocom.com.br\/site\/wp-json\/wp\/v2\/media\/200731"}],"wp:attachment":[{"href":"http:\/\/mspontocom.com.br\/site\/wp-json\/wp\/v2\/media?parent=200730"}],"wp:term":[{"taxonomy":"category","embeddable":true,"href":"http:\/\/mspontocom.com.br\/site\/wp-json\/wp\/v2\/categories?post=200730"},{"taxonomy":"post_tag","embeddable":true,"href":"http:\/\/mspontocom.com.br\/site\/wp-json\/wp\/v2\/tags?post=200730"}],"curies":[{"name":"wp","href":"https:\/\/api.w.org\/{rel}","templated":true}]}}