{"id":200761,"date":"2025-06-25T06:38:06","date_gmt":"2025-06-25T10:38:06","guid":{"rendered":"https:\/\/mspontocom.com.br\/site\/?p=200761"},"modified":"2025-06-25T06:38:06","modified_gmt":"2025-06-25T10:38:06","slug":"irei-as-ultimas-consequencias-diz-bolsonaro-ao-convocar-ato","status":"publish","type":"post","link":"http:\/\/mspontocom.com.br\/site\/irei-as-ultimas-consequencias-diz-bolsonaro-ao-convocar-ato\/","title":{"rendered":"\u2018Irei \u00e0s \u00faltimas consequ\u00eancias\u2019, diz Bolsonaro ao convocar ato"},"content":{"rendered":"<div id=\"hd80s9wa1h892edh8192\">\n<p style=\"text-align: justify;\"><img loading=\"lazy\" class=\"alignnone size-full wp-image-200770\" src=\"http:\/\/mspontocom.com.br\/site\/wp-content\/uploads\/2025\/06\/site-irei-as-ultimas-consequencias-diz-bolsonaro-ao-convocar-ato-bolsonaro-bravo-e1750847685377.jpg\" alt=\"\" width=\"1516\" height=\"945\" srcset=\"http:\/\/mspontocom.com.br\/site\/wp-content\/uploads\/2025\/06\/site-irei-as-ultimas-consequencias-diz-bolsonaro-ao-convocar-ato-bolsonaro-bravo-e1750847685377.jpg 1516w, http:\/\/mspontocom.com.br\/site\/wp-content\/uploads\/2025\/06\/site-irei-as-ultimas-consequencias-diz-bolsonaro-ao-convocar-ato-bolsonaro-bravo-e1750847685377-260x162.jpg 260w, http:\/\/mspontocom.com.br\/site\/wp-content\/uploads\/2025\/06\/site-irei-as-ultimas-consequencias-diz-bolsonaro-ao-convocar-ato-bolsonaro-bravo-e1750847685377-1024x638.jpg 1024w, http:\/\/mspontocom.com.br\/site\/wp-content\/uploads\/2025\/06\/site-irei-as-ultimas-consequencias-diz-bolsonaro-ao-convocar-ato-bolsonaro-bravo-e1750847685377-768x479.jpg 768w\" sizes=\"(max-width: 1516px) 100vw, 1516px\" \/>O ex-presidente\u00a0<strong>Jair Bolsonaro (PL)<\/strong> fez uma nova postagem em seu perfil no Twitter\/X.<\/p>\n<p style=\"text-align: justify;\">O objetivo da mensagem foi principalmente convocar a popula\u00e7\u00e3o para um manifesto na Avenida Paulista, em S\u00e3o Paulo.<\/p>\n<p style=\"text-align: justify;\"><strong>O evento vai ocorrer neste domingo, 29, a partir das 14 horas.<\/strong><\/p>\n<p style=\"text-align: justify;\">Na descri\u00e7\u00e3o que acompanha a postagem, Bolsonaro escreve:<\/p>\n<p style=\"text-align: justify;\">\u201cO Brasil precisa de todos n\u00f3s. Dia 29, domingo, na Paulista. Nos veremos l\u00e1\u201d.<\/p>\n<p style=\"text-align: justify;\"><strong>O l\u00edder de direita<\/strong>\u00a0destaca sobretudo sua preocupa\u00e7\u00e3o com a amea\u00e7a \u00e0 liberdade.<\/p>\n<p style=\"text-align: justify;\">Dessa forma, ele apela \u00e0 necessidade de mudan\u00e7as assim como \u00e0 import\u00e2ncia de acreditar no Brasil.<\/p>\n<blockquote><p><em>\u201cN\u00e3o vai ser f\u00e1cil. A luta est\u00e1 a\u00ed. Se n\u00f3s jogarmos a toalha, a vida de muitos que est\u00e1 dif\u00edcil ficar\u00e1 insuport\u00e1vel. Nunca pensamos que chegar\u00edamos a esse ponto. D\u00e1 para mudar, tem que mudar, vamos lutar. Eu irei \u00e0s \u00faltimas consequ\u00eancias, fazer o poss\u00edvel para que n\u00f3s possamos sim ter liberdade. E acreditar em nosso pa\u00eds\u201d.\u00a0<\/em><\/p><\/blockquote>\n<figure class=\"wp-block-embed is-type-rich is-provider-twitter wp-block-embed-twitter\" style=\"text-align: justify;\"><\/figure>\n<p style=\"text-align: justify;\">A manifesta\u00e7\u00e3o est\u00e1 sob\u00a0o comando do pastor Silas Malafaia.<\/p>\n<p style=\"text-align: justify;\">O tema central \u00e9 \u201cJusti\u00e7a j\u00e1\u201d.<\/p>\n<p style=\"text-align: justify;\">Conforme o religioso, o ato objetiva reagir ao julgamento de Bolsonaro pelo Supremo Tribunal Federal (STF).<\/p>\n<figure class=\"wp-block-embed is-type-video is-provider-youtube wp-block-embed-youtube wp-embed-aspect-16-9 wp-has-aspect-ratio\" style=\"text-align: justify;\">\n<div class=\"wp-block-embed__wrapper\"><\/div>\n<\/figure>\n<p style=\"text-align: justify;\" align=\"justify\"><span style=\"font-family: Times New Roman, serif;\"><span style=\"font-size: medium;\"><span style=\"color: #ed4c05;\"><i><b>Continue em nossa companhia . Veja mais not\u00edcias em<\/b><\/i><\/span><b>:<\/b> <span style=\"color: #0000ff;\"><u><a href=\"http:\/\/www.mspontocom.com.br\/\">www.mspontocom.com.br<\/a><\/u><\/span><\/span><\/span><\/p>\n<p style=\"text-align: justify;\" align=\"justify\"><span style=\"font-family: Times New Roman, serif;\"><span style=\"font-size: medium;\">Instagram e X:\u00a0 @mspontocom<\/span><\/span><\/p>\n<\/div>\n<p><a href=\"https:\/\/revistaoeste.com\/politica\/irei-as-ultimas-consequencias-diz-bolsonaro-ao-convocar-ato-na-paulista\/\">Via Revista Oeste<\/a><\/p>\n","protected":false},"excerpt":{"rendered":"<p>O ex-presidente\u00a0Jair Bolsonaro (PL) fez uma nova postagem em seu perfil no Twitter\/X. O objetivo da mensagem foi principalmente convocar a popula\u00e7\u00e3o para um manifesto na Avenida Paulista, em S\u00e3o Paulo. O evento vai ocorrer neste domingo, 29, a partir das 14 horas. Na descri\u00e7\u00e3o que acompanha a postagem, Bolsonaro escreve: \u201cO Brasil precisa de [&hellip;]<\/p>\n","protected":false},"author":2,"featured_media":200770,"comment_status":"open","ping_status":"open","sticky":false,"template":"","format":"standard","meta":{"_monsterinsights_skip_tracking":false,"_monsterinsights_sitenote_active":false,"_monsterinsights_sitenote_note":"","_monsterinsights_sitenote_category":0},"categories":[6,30260,30259,12],"tags":[24864,21017,3166,43157],"aioseo_notices":[],"_links":{"self":[{"href":"http:\/\/mspontocom.com.br\/site\/wp-json\/wp\/v2\/posts\/200761"}],"collection":[{"href":"http:\/\/mspontocom.com.br\/site\/wp-json\/wp\/v2\/posts"}],"about":[{"href":"http:\/\/mspontocom.com.br\/site\/wp-json\/wp\/v2\/types\/post"}],"author":[{"embeddable":true,"href":"http:\/\/mspontocom.com.br\/site\/wp-json\/wp\/v2\/users\/2"}],"replies":[{"embeddable":true,"href":"http:\/\/mspontocom.com.br\/site\/wp-json\/wp\/v2\/comments?post=200761"}],"version-history":[{"count":2,"href":"http:\/\/mspontocom.com.br\/site\/wp-json\/wp\/v2\/posts\/200761\/revisions"}],"predecessor-version":[{"id":200771,"href":"http:\/\/mspontocom.com.br\/site\/wp-json\/wp\/v2\/posts\/200761\/revisions\/200771"}],"wp:featuredmedia":[{"embeddable":true,"href":"http:\/\/mspontocom.com.br\/site\/wp-json\/wp\/v2\/media\/200770"}],"wp:attachment":[{"href":"http:\/\/mspontocom.com.br\/site\/wp-json\/wp\/v2\/media?parent=200761"}],"wp:term":[{"taxonomy":"category","embeddable":true,"href":"http:\/\/mspontocom.com.br\/site\/wp-json\/wp\/v2\/categories?post=200761"},{"taxonomy":"post_tag","embeddable":true,"href":"http:\/\/mspontocom.com.br\/site\/wp-json\/wp\/v2\/tags?post=200761"}],"curies":[{"name":"wp","href":"https:\/\/api.w.org\/{rel}","templated":true}]}}