{"id":200765,"date":"2025-06-25T06:49:25","date_gmt":"2025-06-25T10:49:25","guid":{"rendered":"https:\/\/mspontocom.com.br\/site\/?p=200765"},"modified":"2025-06-25T06:49:25","modified_gmt":"2025-06-25T10:49:25","slug":"corrupto-confesso-cabral-vai-ao-stf-para-ser-descondenado-como-lula","status":"publish","type":"post","link":"http:\/\/mspontocom.com.br\/site\/corrupto-confesso-cabral-vai-ao-stf-para-ser-descondenado-como-lula\/","title":{"rendered":"Corrupto confesso, Cabral vai ao STF para ser descondenado como Lula"},"content":{"rendered":"<p style=\"text-align: justify;\"><img loading=\"lazy\" class=\"alignnone size-full wp-image-200772\" src=\"http:\/\/mspontocom.com.br\/site\/wp-content\/uploads\/2025\/06\/site-corrupto-confesso-cabral-vai-ao-stf-para-ser-descondenado-como-lula-cabral-e-lula-4-petrobras.webp\" alt=\"\" width=\"1212\" height=\"909\" srcset=\"http:\/\/mspontocom.com.br\/site\/wp-content\/uploads\/2025\/06\/site-corrupto-confesso-cabral-vai-ao-stf-para-ser-descondenado-como-lula-cabral-e-lula-4-petrobras.webp 1212w, http:\/\/mspontocom.com.br\/site\/wp-content\/uploads\/2025\/06\/site-corrupto-confesso-cabral-vai-ao-stf-para-ser-descondenado-como-lula-cabral-e-lula-4-petrobras-260x195.webp 260w, http:\/\/mspontocom.com.br\/site\/wp-content\/uploads\/2025\/06\/site-corrupto-confesso-cabral-vai-ao-stf-para-ser-descondenado-como-lula-cabral-e-lula-4-petrobras-1024x768.webp 1024w, http:\/\/mspontocom.com.br\/site\/wp-content\/uploads\/2025\/06\/site-corrupto-confesso-cabral-vai-ao-stf-para-ser-descondenado-como-lula-cabral-e-lula-4-petrobras-768x576.webp 768w\" sizes=\"(max-width: 1212px) 100vw, 1212px\" \/>A defesa do ex-governador do Rio de Janeiro, S\u00e9rgio Cabral, apelou ao Supremo Tribunal Federal (STF), para que a Corte anule suas condena\u00e7\u00f5es no \u00e2mbito da Lava Jato, <strong>maior opera\u00e7\u00e3o de combate a corrup\u00e7\u00e3o do Brasil.<\/strong><\/p>\n<p style=\"text-align: justify;\">Em um dos seus depoimentos mais impressionantes, em janeiro de 2019, Cabral confessou ao juiz:<\/p>\n<p style=\"text-align: justify;\"><strong>\u201c<em>Meu apego ao poder e dinheiro \u00e9 um v\u00edcio\u201d.\u00a0<\/em><\/strong><\/p>\n<p style=\"text-align: justify;\">Foi condenado a mais de 420 anos de cadeia, mas acabou solto por decis\u00e3o do mesmo STF.<\/p>\n<p style=\"text-align: justify;\">O pedido ocorre ap\u00f3s o juiz Marcelo Bretas, ter todos os atos anulados pelo Conselho Nacional de Justi\u00e7a (CNJ) e ser<strong>\u00a0<em>\u201cpunido\u201d<\/em><\/strong>\u00a0com aposentadoria compuls\u00f3ria.<\/p>\n<p style=\"text-align: justify;\">O juiz foi o respons\u00e1vel pelas investiga\u00e7\u00f5es da Opera\u00e7\u00e3o Lava Jato no Rio de Janeiro.<\/p>\n<p style=\"text-align: justify;\" data-start=\"0\" data-end=\"309\">A defesa de Cabral afirma que Bretas\u00a0<strong><em>\u201cmanipulou ilegalmente sua compet\u00eancia\u201d<\/em><\/strong>\u00a0para assumir o controle da opera\u00e7\u00e3o que resultou na pris\u00e3o do ex-governador.<\/p>\n<p style=\"text-align: justify;\" data-start=\"0\" data-end=\"309\">\n<p align=\"justify\"><span style=\"font-family: Times New Roman, serif;\"><span style=\"font-size: medium;\"><span style=\"color: #ed4c05;\"><i><b>Continue em nossa companhia . Veja mais not\u00edcias em<\/b><\/i><\/span><b>:<\/b> <span style=\"color: #0000ff;\"><u><a href=\"http:\/\/www.mspontocom.com.br\/\">www.mspontocom.com.br<\/a><\/u><\/span><\/span><\/span><\/p>\n<p align=\"justify\"><span style=\"font-family: Times New Roman, serif;\"><span style=\"font-size: medium;\">Instagram e X:\u00a0 @mspontocom<\/span><\/span><\/p>\n","protected":false},"excerpt":{"rendered":"<p>A defesa do ex-governador do Rio de Janeiro, S\u00e9rgio Cabral, apelou ao Supremo Tribunal Federal (STF), para que a Corte anule suas condena\u00e7\u00f5es no \u00e2mbito da Lava Jato, maior opera\u00e7\u00e3o de combate a corrup\u00e7\u00e3o do Brasil. Em um dos seus depoimentos mais impressionantes, em janeiro de 2019, Cabral confessou ao juiz: \u201cMeu apego ao poder [&hellip;]<\/p>\n","protected":false},"author":2,"featured_media":200772,"comment_status":"open","ping_status":"open","sticky":false,"template":"","format":"standard","meta":{"_monsterinsights_skip_tracking":false,"_monsterinsights_sitenote_active":false,"_monsterinsights_sitenote_note":"","_monsterinsights_sitenote_category":0},"categories":[6,30260,30259,12],"tags":[27928,43158,42805,480,3014],"aioseo_notices":[],"_links":{"self":[{"href":"http:\/\/mspontocom.com.br\/site\/wp-json\/wp\/v2\/posts\/200765"}],"collection":[{"href":"http:\/\/mspontocom.com.br\/site\/wp-json\/wp\/v2\/posts"}],"about":[{"href":"http:\/\/mspontocom.com.br\/site\/wp-json\/wp\/v2\/types\/post"}],"author":[{"embeddable":true,"href":"http:\/\/mspontocom.com.br\/site\/wp-json\/wp\/v2\/users\/2"}],"replies":[{"embeddable":true,"href":"http:\/\/mspontocom.com.br\/site\/wp-json\/wp\/v2\/comments?post=200765"}],"version-history":[{"count":2,"href":"http:\/\/mspontocom.com.br\/site\/wp-json\/wp\/v2\/posts\/200765\/revisions"}],"predecessor-version":[{"id":200773,"href":"http:\/\/mspontocom.com.br\/site\/wp-json\/wp\/v2\/posts\/200765\/revisions\/200773"}],"wp:featuredmedia":[{"embeddable":true,"href":"http:\/\/mspontocom.com.br\/site\/wp-json\/wp\/v2\/media\/200772"}],"wp:attachment":[{"href":"http:\/\/mspontocom.com.br\/site\/wp-json\/wp\/v2\/media?parent=200765"}],"wp:term":[{"taxonomy":"category","embeddable":true,"href":"http:\/\/mspontocom.com.br\/site\/wp-json\/wp\/v2\/categories?post=200765"},{"taxonomy":"post_tag","embeddable":true,"href":"http:\/\/mspontocom.com.br\/site\/wp-json\/wp\/v2\/tags?post=200765"}],"curies":[{"name":"wp","href":"https:\/\/api.w.org\/{rel}","templated":true}]}}