{"id":200795,"date":"2025-06-26T05:59:20","date_gmt":"2025-06-26T09:59:20","guid":{"rendered":"https:\/\/mspontocom.com.br\/site\/?p=200795"},"modified":"2025-06-26T05:59:20","modified_gmt":"2025-06-26T09:59:20","slug":"bolsonaro-acusa-stf-de-preparar-terreno-para-reeleicao-de-lula-em-2026","status":"publish","type":"post","link":"http:\/\/mspontocom.com.br\/site\/bolsonaro-acusa-stf-de-preparar-terreno-para-reeleicao-de-lula-em-2026\/","title":{"rendered":"Bolsonaro acusa STF de preparar terreno para reelei\u00e7\u00e3o de Lula em 2026"},"content":{"rendered":"<p style=\"text-align: justify;\"><img loading=\"lazy\" class=\"alignnone size-full wp-image-200804\" src=\"http:\/\/mspontocom.com.br\/site\/wp-content\/uploads\/2025\/06\/site-bolsonaro-acusa-stf-de-preparar-terreno-para-reeleicao-de-lula-em-2026-bolsonaro-stf.jpg\" alt=\"\" width=\"1280\" height=\"720\" srcset=\"http:\/\/mspontocom.com.br\/site\/wp-content\/uploads\/2025\/06\/site-bolsonaro-acusa-stf-de-preparar-terreno-para-reeleicao-de-lula-em-2026-bolsonaro-stf.jpg 1280w, http:\/\/mspontocom.com.br\/site\/wp-content\/uploads\/2025\/06\/site-bolsonaro-acusa-stf-de-preparar-terreno-para-reeleicao-de-lula-em-2026-bolsonaro-stf-260x146.jpg 260w, http:\/\/mspontocom.com.br\/site\/wp-content\/uploads\/2025\/06\/site-bolsonaro-acusa-stf-de-preparar-terreno-para-reeleicao-de-lula-em-2026-bolsonaro-stf-1024x576.jpg 1024w, http:\/\/mspontocom.com.br\/site\/wp-content\/uploads\/2025\/06\/site-bolsonaro-acusa-stf-de-preparar-terreno-para-reeleicao-de-lula-em-2026-bolsonaro-stf-768x432.jpg 768w\" sizes=\"(max-width: 1280px) 100vw, 1280px\" \/>O\u00a0ex-presidente<strong> Jair Bolsonaro <\/strong>\u00a0afirmou nesta quarta-feira que o <strong>STF<\/strong>\u00a0estaria criando um cen\u00e1rio pol\u00edtico favor\u00e1vel \u00e0\u00a0<strong>reelei\u00e7\u00e3o do presidente Lula.<\/strong><\/p>\n<p style=\"text-align: justify;\">Em entrevista \u00e0 r\u00e1dio AuriVerde Brasil, Bolsonaro sugeriu que decis\u00f5es judiciais est\u00e3o\u00a0eliminando a possibilidade de contesta\u00e7\u00e3o\u00a0\u00e0 eventual candidatura de Lula nas elei\u00e7\u00f5es de 2026.<\/p>\n<blockquote><p><span style=\"font-size: 14pt;\"><em>Se, de acordo com decis\u00e3o final do que o Supremo j\u00e1 decidiu, realmente vai ser complicado [sic] as elei\u00e7\u00f5es do ano que vem. Se prepara um ambiente, se Lula vier candidato, ele ser reeleito. Porque n\u00e3o vai ter qualquer contesta\u00e7\u00e3o\u201d, declarou.<\/em><\/span><\/p><\/blockquote>\n<p style=\"text-align: justify;\">Mesmo\u00a0ineleg\u00edvel, Bolsonaro mant\u00e9m atua\u00e7\u00e3o nos bastidores pol\u00edticos da direita e acompanha de perto os movimentos em torno da\u00a0disputa presidencial de 2026.<\/p>\n<p style=\"text-align: justify;\">O ex-presidente critica o que considera um cerco judicial contra opositores e faz alertas sobre o futuro do processo eleitoral no Brasil.<\/p>\n<p style=\"text-align: justify;\" align=\"justify\"><span style=\"font-family: Times New Roman, serif;\"><span style=\"font-size: medium;\"><span style=\"color: #ed4c05;\"><i><b>Continue em nossa companhia . Veja mais not\u00edcias em<\/b><\/i><\/span><b>:<\/b> <span style=\"color: #0000ff;\"><u><a href=\"http:\/\/www.mspontocom.com.br\/\">www.mspontocom.com.br<\/a><\/u><\/span><\/span><\/span><\/p>\n","protected":false},"excerpt":{"rendered":"<p>O\u00a0ex-presidente Jair Bolsonaro \u00a0afirmou nesta quarta-feira que o STF\u00a0estaria criando um cen\u00e1rio pol\u00edtico favor\u00e1vel \u00e0\u00a0reelei\u00e7\u00e3o do presidente Lula. Em entrevista \u00e0 r\u00e1dio AuriVerde Brasil, Bolsonaro sugeriu que decis\u00f5es judiciais est\u00e3o\u00a0eliminando a possibilidade de contesta\u00e7\u00e3o\u00a0\u00e0 eventual candidatura de Lula nas elei\u00e7\u00f5es de 2026. Se, de acordo com decis\u00e3o final do que o Supremo j\u00e1 decidiu, realmente [&hellip;]<\/p>\n","protected":false},"author":2,"featured_media":200804,"comment_status":"open","ping_status":"open","sticky":false,"template":"","format":"standard","meta":{"_monsterinsights_skip_tracking":false,"_monsterinsights_sitenote_active":false,"_monsterinsights_sitenote_note":"","_monsterinsights_sitenote_category":0},"categories":[6,30260,30259,12],"tags":[34531,25492,21017,480,43163,11436,3014],"aioseo_notices":[],"_links":{"self":[{"href":"http:\/\/mspontocom.com.br\/site\/wp-json\/wp\/v2\/posts\/200795"}],"collection":[{"href":"http:\/\/mspontocom.com.br\/site\/wp-json\/wp\/v2\/posts"}],"about":[{"href":"http:\/\/mspontocom.com.br\/site\/wp-json\/wp\/v2\/types\/post"}],"author":[{"embeddable":true,"href":"http:\/\/mspontocom.com.br\/site\/wp-json\/wp\/v2\/users\/2"}],"replies":[{"embeddable":true,"href":"http:\/\/mspontocom.com.br\/site\/wp-json\/wp\/v2\/comments?post=200795"}],"version-history":[{"count":2,"href":"http:\/\/mspontocom.com.br\/site\/wp-json\/wp\/v2\/posts\/200795\/revisions"}],"predecessor-version":[{"id":200805,"href":"http:\/\/mspontocom.com.br\/site\/wp-json\/wp\/v2\/posts\/200795\/revisions\/200805"}],"wp:featuredmedia":[{"embeddable":true,"href":"http:\/\/mspontocom.com.br\/site\/wp-json\/wp\/v2\/media\/200804"}],"wp:attachment":[{"href":"http:\/\/mspontocom.com.br\/site\/wp-json\/wp\/v2\/media?parent=200795"}],"wp:term":[{"taxonomy":"category","embeddable":true,"href":"http:\/\/mspontocom.com.br\/site\/wp-json\/wp\/v2\/categories?post=200795"},{"taxonomy":"post_tag","embeddable":true,"href":"http:\/\/mspontocom.com.br\/site\/wp-json\/wp\/v2\/tags?post=200795"}],"curies":[{"name":"wp","href":"https:\/\/api.w.org\/{rel}","templated":true}]}}