{"id":200797,"date":"2025-06-26T06:06:55","date_gmt":"2025-06-26T10:06:55","guid":{"rendered":"https:\/\/mspontocom.com.br\/site\/?p=200797"},"modified":"2025-06-26T06:06:55","modified_gmt":"2025-06-26T10:06:55","slug":"rejeitada-em-seu-estado-lula-acena-para-simone-tebet-como-vice-em-2026","status":"publish","type":"post","link":"http:\/\/mspontocom.com.br\/site\/rejeitada-em-seu-estado-lula-acena-para-simone-tebet-como-vice-em-2026\/","title":{"rendered":"Rejeitada em seu Estado, Lula acena para Simone Tebet como vice em 2026"},"content":{"rendered":"<p style=\"text-align: justify;\"><img loading=\"lazy\" class=\"alignnone size-full wp-image-200806\" src=\"http:\/\/mspontocom.com.br\/site\/wp-content\/uploads\/2025\/06\/site-rejeitada-em-seu-estado-lula-acena-para-simone-tebet-como-vice-em-2026-simone.jpg\" alt=\"\" width=\"1600\" height=\"1049\" srcset=\"http:\/\/mspontocom.com.br\/site\/wp-content\/uploads\/2025\/06\/site-rejeitada-em-seu-estado-lula-acena-para-simone-tebet-como-vice-em-2026-simone.jpg 1600w, http:\/\/mspontocom.com.br\/site\/wp-content\/uploads\/2025\/06\/site-rejeitada-em-seu-estado-lula-acena-para-simone-tebet-como-vice-em-2026-simone-260x170.jpg 260w, http:\/\/mspontocom.com.br\/site\/wp-content\/uploads\/2025\/06\/site-rejeitada-em-seu-estado-lula-acena-para-simone-tebet-como-vice-em-2026-simone-1024x671.jpg 1024w, http:\/\/mspontocom.com.br\/site\/wp-content\/uploads\/2025\/06\/site-rejeitada-em-seu-estado-lula-acena-para-simone-tebet-como-vice-em-2026-simone-768x504.jpg 768w, http:\/\/mspontocom.com.br\/site\/wp-content\/uploads\/2025\/06\/site-rejeitada-em-seu-estado-lula-acena-para-simone-tebet-como-vice-em-2026-simone-1536x1007.jpg 1536w\" sizes=\"(max-width: 1600px) 100vw, 1600px\" \/>O presidente Lula autorizou que emiss\u00e1rios procurem caciques do MDB para tentar segurar o partido na base de apoio, em 2026.<\/p>\n<p style=\"text-align: justify;\">Desidratada politicamente, hostilizada at\u00e9 em seu Estado, a ministra<strong> Simone Tebet<\/strong> (Planejamento) tenta abiscoitar a vaga.<\/p>\n<div class=\"notas\">\n<div id=\"Nota-2\" class=\"entry-block ch-nota Nota-2\" style=\"text-align: justify;\">\n<h3>Piscadela<\/h3>\n<\/div>\n<p style=\"text-align: justify;\">Sem prometer, mas sem negar, a insinua\u00e7\u00e3o dos conchavos \u00e9 a vaga de vice-presidente na chapa de Lula, no ano que vem.<\/p>\n<div id=\"Nota-3\" class=\"entry-block ch-nota Nota-3\" style=\"text-align: justify;\">\n<h3>Aliado abandonado<\/h3>\n<\/div>\n<p style=\"text-align: justify;\">Apesar da reserva, a movimenta\u00e7\u00e3o chegou ao PSB, hoje dono da vice. Ajudou a dar uma azedada na rela\u00e7\u00e3o com os socialistas.<\/p>\n<div id=\"Nota-4\" class=\"entry-block ch-nota Nota-4\" style=\"text-align: justify;\">\n<h3>Bora vazar<\/h3>\n<\/div>\n<p style=\"text-align: justify;\">Caravanas que o MDB lan\u00e7ou em mar\u00e7o, para ouvir a base, captou cen\u00e1rio desfavor\u00e1vel. O partido n\u00e3o quer papo com o desgastado Lula.<\/p>\n<div id=\"Nota-5\" class=\"entry-block ch-nota Nota-5\" style=\"text-align: justify;\">\n<h3>J\u00e1 tem data<\/h3>\n<\/div>\n<p style=\"text-align: justify;\">O MDB prepara um congresso nacional para bater o martelo sobre os rumos do partido para 2026. Se nada der errado, ser\u00e1 em setembro.<\/p>\n<p style=\"text-align: justify;\" align=\"justify\"><span style=\"font-family: Times New Roman, serif;\"><span style=\"font-size: medium;\"><span style=\"color: #ed4c05;\"><i><b>Continue em nossa companhia . Veja mais not\u00edcias em<\/b><\/i><\/span><b>:<\/b> <span style=\"color: #0000ff;\"><u><a href=\"http:\/\/www.mspontocom.com.br\/\">www.mspontocom.com.br<\/a><\/u><\/span><\/span><\/span><\/p>\n<p style=\"text-align: justify;\" align=\"justify\">fonte: Coluna Claudio Humberto, Di\u00e1rio do Poder<\/p>\n<\/div>\n","protected":false},"excerpt":{"rendered":"<p>O presidente Lula autorizou que emiss\u00e1rios procurem caciques do MDB para tentar segurar o partido na base de apoio, em 2026. Desidratada politicamente, hostilizada at\u00e9 em seu Estado, a ministra Simone Tebet (Planejamento) tenta abiscoitar a vaga. Piscadela Sem prometer, mas sem negar, a insinua\u00e7\u00e3o dos conchavos \u00e9 a vaga de vice-presidente na chapa de [&hellip;]<\/p>\n","protected":false},"author":2,"featured_media":200806,"comment_status":"open","ping_status":"open","sticky":false,"template":"","format":"standard","meta":{"_monsterinsights_skip_tracking":false,"_monsterinsights_sitenote_active":false,"_monsterinsights_sitenote_note":"","_monsterinsights_sitenote_category":0},"categories":[6,30260,30259,12],"tags":[34531,43164,480,1242,4226],"aioseo_notices":[],"_links":{"self":[{"href":"http:\/\/mspontocom.com.br\/site\/wp-json\/wp\/v2\/posts\/200797"}],"collection":[{"href":"http:\/\/mspontocom.com.br\/site\/wp-json\/wp\/v2\/posts"}],"about":[{"href":"http:\/\/mspontocom.com.br\/site\/wp-json\/wp\/v2\/types\/post"}],"author":[{"embeddable":true,"href":"http:\/\/mspontocom.com.br\/site\/wp-json\/wp\/v2\/users\/2"}],"replies":[{"embeddable":true,"href":"http:\/\/mspontocom.com.br\/site\/wp-json\/wp\/v2\/comments?post=200797"}],"version-history":[{"count":2,"href":"http:\/\/mspontocom.com.br\/site\/wp-json\/wp\/v2\/posts\/200797\/revisions"}],"predecessor-version":[{"id":200807,"href":"http:\/\/mspontocom.com.br\/site\/wp-json\/wp\/v2\/posts\/200797\/revisions\/200807"}],"wp:featuredmedia":[{"embeddable":true,"href":"http:\/\/mspontocom.com.br\/site\/wp-json\/wp\/v2\/media\/200806"}],"wp:attachment":[{"href":"http:\/\/mspontocom.com.br\/site\/wp-json\/wp\/v2\/media?parent=200797"}],"wp:term":[{"taxonomy":"category","embeddable":true,"href":"http:\/\/mspontocom.com.br\/site\/wp-json\/wp\/v2\/categories?post=200797"},{"taxonomy":"post_tag","embeddable":true,"href":"http:\/\/mspontocom.com.br\/site\/wp-json\/wp\/v2\/tags?post=200797"}],"curies":[{"name":"wp","href":"https:\/\/api.w.org\/{rel}","templated":true}]}}