{"id":200799,"date":"2025-06-26T06:23:23","date_gmt":"2025-06-26T10:23:23","guid":{"rendered":"https:\/\/mspontocom.com.br\/site\/?p=200799"},"modified":"2025-06-26T06:23:23","modified_gmt":"2025-06-26T10:23:23","slug":"se-bolsonaro-inelegivel-tarcisio-ja-demonstra-disposicao-de-enfrentar-lula-em-2026","status":"publish","type":"post","link":"http:\/\/mspontocom.com.br\/site\/se-bolsonaro-inelegivel-tarcisio-ja-demonstra-disposicao-de-enfrentar-lula-em-2026\/","title":{"rendered":"Se Bolsonaro ineleg\u00edvel, Tarc\u00edsio j\u00e1 demonstra disposi\u00e7\u00e3o de enfrentar Lula em 2026"},"content":{"rendered":"<p style=\"text-align: justify;\"><img loading=\"lazy\" class=\"alignnone size-full wp-image-200808\" src=\"http:\/\/mspontocom.com.br\/site\/wp-content\/uploads\/2025\/06\/site-se-bolsonaro-inelegivel-tarcisio-demonstra-disposicao-de-enfrentar-lula-em-2026-tarcisio2.jpeg\" alt=\"\" width=\"1024\" height=\"575\" srcset=\"http:\/\/mspontocom.com.br\/site\/wp-content\/uploads\/2025\/06\/site-se-bolsonaro-inelegivel-tarcisio-demonstra-disposicao-de-enfrentar-lula-em-2026-tarcisio2.jpeg 1024w, http:\/\/mspontocom.com.br\/site\/wp-content\/uploads\/2025\/06\/site-se-bolsonaro-inelegivel-tarcisio-demonstra-disposicao-de-enfrentar-lula-em-2026-tarcisio2-260x146.jpeg 260w, http:\/\/mspontocom.com.br\/site\/wp-content\/uploads\/2025\/06\/site-se-bolsonaro-inelegivel-tarcisio-demonstra-disposicao-de-enfrentar-lula-em-2026-tarcisio2-768x431.jpeg 768w\" sizes=\"(max-width: 1024px) 100vw, 1024px\" \/>Com movimentos e discursos cada vez mais amplos no sentido de uma pr\u00e9-candidatura presidencial e como o nome no <strong>campo da direita<\/strong> melhor posicionado nas pesquisas\u00a0 para enfrentar Lula,\u00a0 <strong>Tarc\u00edsio de Freitas<\/strong>\u00a0tem demonstrado disposi\u00e7\u00e3o para o desafio.<\/p>\n<p style=\"text-align: justify;\">Um detalhe, no entanto, impede a oficializa\u00e7\u00e3o do projeto presidencial: falta o aval do ex-presidente Jair Bolsonaro \u2014 que segue afirmando que sair\u00e1 candidato a presidente no ano que vem, a despeito de sua inelegibilidade.<\/p>\n<p style=\"text-align: justify;\">Sem este apoio crucial, o governador de S\u00e3o Paulo diz oficialmente que disputar\u00e1 a reelei\u00e7\u00e3o no estado.<\/p>\n<blockquote><p><em>\u201cO candidato do bolsonarismo \u00e9 o pr\u00f3prio Bolsonaro, n\u00e3o existe outro\u201d, afirma\u00a0 Rosana Valle, deputada federal e presidente do PL Mulher em S\u00e3o Paulo. <\/em><\/p><\/blockquote>\n<p style=\"text-align: justify;\">Mas segundo a parlamentar, n\u00e3o faltariam op\u00e7\u00f5es para a direita no pleito do ano que vem.<\/p>\n<blockquote><p><em>\u201cO problema n\u00e3o \u00e9 escolher algu\u00e9m de direita que tenha condi\u00e7\u00e3o de enfrentar a esquerda nas ruas, temos excelentes nomes incluindo o Tarc\u00edsio, mas n\u00e3o s\u00f3\u201d, afirma.\u00a0<\/em><\/p><\/blockquote>\n<p style=\"text-align: justify;\"><span style=\"font-size: 18pt;\"><strong>O fator Kassab<\/strong><\/span><\/p>\n<p style=\"text-align: justify;\">Por outro lado, segundo um aliado pr\u00f3ximo de Gilberto Kassab, presidente nacional do PSD,\u00a0 o pol\u00edtico paulista<strong> apoia o projeto presidencial de Tarc\u00edsio<\/strong>, e o orienta com cautela nesse caminho.<\/p>\n<p style=\"text-align: justify;\">Um exemplo destes movimentos de Tarc\u00edsio de olho em 2026, contidos mas claros, veio no \u00faltimo dia 15.<\/p>\n<p style=\"text-align: justify;\">Tarc\u00edsio publicou um v\u00eddeo de si mesmo pregando em uma igreja evang\u00e9lica, e colheu elogios.<\/p>\n<p style=\"text-align: justify;\" align=\"justify\"><span style=\"font-family: Times New Roman, serif;\"><span style=\"font-size: medium;\"><span style=\"color: #ed4c05;\"><i><b>Continue em nossa companhia . Veja mais not\u00edcias em<\/b><\/i><\/span><b>:<\/b> <span style=\"color: #0000ff;\"><u><a href=\"http:\/\/www.mspontocom.com.br\/\">www.mspontocom.com.br<\/a><\/u><\/span><\/span><\/span><\/p>\n","protected":false},"excerpt":{"rendered":"<p>Com movimentos e discursos cada vez mais amplos no sentido de uma pr\u00e9-candidatura presidencial e como o nome no campo da direita melhor posicionado nas pesquisas\u00a0 para enfrentar Lula,\u00a0 Tarc\u00edsio de Freitas\u00a0tem demonstrado disposi\u00e7\u00e3o para o desafio. Um detalhe, no entanto, impede a oficializa\u00e7\u00e3o do projeto presidencial: falta o aval do ex-presidente Jair Bolsonaro \u2014 [&hellip;]<\/p>\n","protected":false},"author":2,"featured_media":200808,"comment_status":"open","ping_status":"open","sticky":false,"template":"","format":"standard","meta":{"_monsterinsights_skip_tracking":false,"_monsterinsights_sitenote_active":false,"_monsterinsights_sitenote_note":"","_monsterinsights_sitenote_category":0},"categories":[6,30260,30259,12],"tags":[34531,43165,28556,480,39029],"aioseo_notices":[],"_links":{"self":[{"href":"http:\/\/mspontocom.com.br\/site\/wp-json\/wp\/v2\/posts\/200799"}],"collection":[{"href":"http:\/\/mspontocom.com.br\/site\/wp-json\/wp\/v2\/posts"}],"about":[{"href":"http:\/\/mspontocom.com.br\/site\/wp-json\/wp\/v2\/types\/post"}],"author":[{"embeddable":true,"href":"http:\/\/mspontocom.com.br\/site\/wp-json\/wp\/v2\/users\/2"}],"replies":[{"embeddable":true,"href":"http:\/\/mspontocom.com.br\/site\/wp-json\/wp\/v2\/comments?post=200799"}],"version-history":[{"count":2,"href":"http:\/\/mspontocom.com.br\/site\/wp-json\/wp\/v2\/posts\/200799\/revisions"}],"predecessor-version":[{"id":200809,"href":"http:\/\/mspontocom.com.br\/site\/wp-json\/wp\/v2\/posts\/200799\/revisions\/200809"}],"wp:featuredmedia":[{"embeddable":true,"href":"http:\/\/mspontocom.com.br\/site\/wp-json\/wp\/v2\/media\/200808"}],"wp:attachment":[{"href":"http:\/\/mspontocom.com.br\/site\/wp-json\/wp\/v2\/media?parent=200799"}],"wp:term":[{"taxonomy":"category","embeddable":true,"href":"http:\/\/mspontocom.com.br\/site\/wp-json\/wp\/v2\/categories?post=200799"},{"taxonomy":"post_tag","embeddable":true,"href":"http:\/\/mspontocom.com.br\/site\/wp-json\/wp\/v2\/tags?post=200799"}],"curies":[{"name":"wp","href":"https:\/\/api.w.org\/{rel}","templated":true}]}}