{"id":200825,"date":"2025-06-27T06:17:55","date_gmt":"2025-06-27T10:17:55","guid":{"rendered":"https:\/\/mspontocom.com.br\/site\/?p=200825"},"modified":"2025-06-27T06:17:55","modified_gmt":"2025-06-27T10:17:55","slug":"bolsonaro-detona-haddad-ninguem-aguenta-mais-mentira","status":"publish","type":"post","link":"http:\/\/mspontocom.com.br\/site\/bolsonaro-detona-haddad-ninguem-aguenta-mais-mentira\/","title":{"rendered":"Bolsonaro detona Haddad: \u2018Ningu\u00e9m aguenta mais mentira\u2019"},"content":{"rendered":"<p style=\"text-align: justify;\"><img loading=\"lazy\" class=\"alignnone size-full wp-image-200836\" src=\"http:\/\/mspontocom.com.br\/site\/wp-content\/uploads\/2025\/06\/site-bolsonaro-critica-haddad-ninguem-aguenta-mais-mentira-bolsohaddad.jpg\" alt=\"\" width=\"1280\" height=\"720\" srcset=\"http:\/\/mspontocom.com.br\/site\/wp-content\/uploads\/2025\/06\/site-bolsonaro-critica-haddad-ninguem-aguenta-mais-mentira-bolsohaddad.jpg 1280w, http:\/\/mspontocom.com.br\/site\/wp-content\/uploads\/2025\/06\/site-bolsonaro-critica-haddad-ninguem-aguenta-mais-mentira-bolsohaddad-260x146.jpg 260w, http:\/\/mspontocom.com.br\/site\/wp-content\/uploads\/2025\/06\/site-bolsonaro-critica-haddad-ninguem-aguenta-mais-mentira-bolsohaddad-1024x576.jpg 1024w, http:\/\/mspontocom.com.br\/site\/wp-content\/uploads\/2025\/06\/site-bolsonaro-critica-haddad-ninguem-aguenta-mais-mentira-bolsohaddad-768x432.jpg 768w\" sizes=\"(max-width: 1280px) 100vw, 1280px\" \/>O ex-presidente Jair Bolsonaro voltou a usar as redes sociais para se posicionar sobre temas econ\u00f4micos e pol\u00edticos.<\/p>\n<p style=\"text-align: justify;\">Em uma publica\u00e7\u00e3o feita no X (antigo Twitter), ele destacou uma medida de seu governo que, segundo ele, deu in\u00edcio \u00e0 redu\u00e7\u00e3o do IOF .<\/p>\n<p style=\"text-align: justify;\">Sem entrar em detalhes t\u00e9cnicos, Bolsonaro sinalizou que a medida faz parte de seu legado econ\u00f4mico, com foco na desonera\u00e7\u00e3o de tributos.<\/p>\n<p>Confira:<\/p>\n<div class=\"twitter-tweet twitter-tweet-rendered\"><iframe id=\"twitter-widget-0\" class=\"\" title=\"X Post\" src=\"https:\/\/platform.twitter.com\/embed\/Tweet.html?creatorScreenName=DiariodoPoder&amp;dnt=false&amp;embedId=twitter-widget-0&amp;features=eyJ0ZndfdGltZWxpbmVfbGlzdCI6eyJidWNrZXQiOltdLCJ2ZXJzaW9uIjpudWxsfSwidGZ3X2ZvbGxvd2VyX2NvdW50X3N1bnNldCI6eyJidWNrZXQiOnRydWUsInZlcnNpb24iOm51bGx9LCJ0ZndfdHdlZXRfZWRpdF9iYWNrZW5kIjp7ImJ1Y2tldCI6Im9uIiwidmVyc2lvbiI6bnVsbH0sInRmd19yZWZzcmNfc2Vzc2lvbiI6eyJidWNrZXQiOiJvbiIsInZlcnNpb24iOm51bGx9LCJ0ZndfZm9zbnJfc29mdF9pbnRlcnZlbnRpb25zX2VuYWJsZWQiOnsiYnVja2V0Ijoib24iLCJ2ZXJzaW9uIjpudWxsfSwidGZ3X21peGVkX21lZGlhXzE1ODk3Ijp7ImJ1Y2tldCI6InRyZWF0bWVudCIsInZlcnNpb24iOm51bGx9LCJ0ZndfZXhwZXJpbWVudHNfY29va2llX2V4cGlyYXRpb24iOnsiYnVja2V0IjoxMjA5NjAwLCJ2ZXJzaW9uIjpudWxsfSwidGZ3X3Nob3dfYmlyZHdhdGNoX3Bpdm90c19lbmFibGVkIjp7ImJ1Y2tldCI6Im9uIiwidmVyc2lvbiI6bnVsbH0sInRmd19kdXBsaWNhdGVfc2NyaWJlc190b19zZXR0aW5ncyI6eyJidWNrZXQiOiJvbiIsInZlcnNpb24iOm51bGx9LCJ0ZndfdXNlX3Byb2ZpbGVfaW1hZ2Vfc2hhcGVfZW5hYmxlZCI6eyJidWNrZXQiOiJvbiIsInZlcnNpb24iOm51bGx9LCJ0ZndfdmlkZW9faGxzX2R5bmFtaWNfbWFuaWZlc3RzXzE1MDgyIjp7ImJ1Y2tldCI6InRydWVfYml0cmF0ZSIsInZlcnNpb24iOm51bGx9LCJ0ZndfbGVnYWN5X3RpbWVsaW5lX3N1bnNldCI6eyJidWNrZXQiOnRydWUsInZlcnNpb24iOm51bGx9LCJ0ZndfdHdlZXRfZWRpdF9mcm9udGVuZCI6eyJidWNrZXQiOiJvbiIsInZlcnNpb24iOm51bGx9fQ%3D%3D&amp;frame=false&amp;hideCard=false&amp;hideThread=false&amp;id=1938013986907156783&amp;lang=pt&amp;origin=https%3A%2F%2Fdiariodopoder.com.br%2F&amp;sessionId=4c2a38a6b62750db9a750eeb62146b8f1480c87f&amp;siteScreenName=DiariodoPoder&amp;theme=light&amp;widgetsVersion=2615f7e52b7e0%3A1702314776716&amp;width=550px\" frameborder=\"0\" scrolling=\"no\" allowfullscreen=\"allowfullscreen\" data-tweet-id=\"1938013986907156783\" data-mce-fragment=\"1\"><\/iframe><\/div>\n<p>&nbsp;<\/p>\n<p>Poucos depois, o ex-presidente publicou nova mensagem com um tom bastante cr\u00edtico no atual governo, afirmando:<\/p>\n<blockquote><p><em>\u201cParem de tratar o povo como idiota. Ningu\u00e9m aguenta mais tanta mentira e irresponsabilidade!\u201d.<\/em><\/p><\/blockquote>\n<p>A declara\u00e7\u00e3o tem como alvo direto a gest\u00e3o do presidente Lula, refor\u00e7ando a narrativa bolsonarista de que o governo petista estaria sendo desonesto com a popula\u00e7\u00e3o e gerindo o pa\u00eds de forma irrespons\u00e1vel.<\/p>\n<blockquote><p>&nbsp;<\/p><\/blockquote>\n<p><img loading=\"lazy\" class=\"alignnone size-full wp-image-200826\" src=\"http:\/\/mspontocom.com.br\/site\/wp-content\/uploads\/2025\/06\/site-rascunho-automatico-whatsapp-image-2025-06-26-at-4.04.20-pm.jpeg\" alt=\"\" width=\"1080\" height=\"448\" srcset=\"http:\/\/mspontocom.com.br\/site\/wp-content\/uploads\/2025\/06\/site-rascunho-automatico-whatsapp-image-2025-06-26-at-4.04.20-pm.jpeg 1080w, http:\/\/mspontocom.com.br\/site\/wp-content\/uploads\/2025\/06\/site-rascunho-automatico-whatsapp-image-2025-06-26-at-4.04.20-pm-260x108.jpeg 260w, http:\/\/mspontocom.com.br\/site\/wp-content\/uploads\/2025\/06\/site-rascunho-automatico-whatsapp-image-2025-06-26-at-4.04.20-pm-1024x425.jpeg 1024w, http:\/\/mspontocom.com.br\/site\/wp-content\/uploads\/2025\/06\/site-rascunho-automatico-whatsapp-image-2025-06-26-at-4.04.20-pm-768x319.jpeg 768w\" sizes=\"(max-width: 1080px) 100vw, 1080px\" \/><\/p>\n","protected":false},"excerpt":{"rendered":"<p>O ex-presidente Jair Bolsonaro voltou a usar as redes sociais para se posicionar sobre temas econ\u00f4micos e pol\u00edticos. Em uma publica\u00e7\u00e3o feita no X (antigo Twitter), ele destacou uma medida de seu governo que, segundo ele, deu in\u00edcio \u00e0 redu\u00e7\u00e3o do IOF . Sem entrar em detalhes t\u00e9cnicos, Bolsonaro sinalizou que a medida faz parte [&hellip;]<\/p>\n","protected":false},"author":2,"featured_media":200836,"comment_status":"open","ping_status":"open","sticky":false,"template":"","format":"standard","meta":{"_monsterinsights_skip_tracking":false,"_monsterinsights_sitenote_active":false,"_monsterinsights_sitenote_note":"","_monsterinsights_sitenote_category":0},"categories":[6,30260,15,30259,12],"tags":[21017,7076,5361,2833],"aioseo_notices":[],"_links":{"self":[{"href":"http:\/\/mspontocom.com.br\/site\/wp-json\/wp\/v2\/posts\/200825"}],"collection":[{"href":"http:\/\/mspontocom.com.br\/site\/wp-json\/wp\/v2\/posts"}],"about":[{"href":"http:\/\/mspontocom.com.br\/site\/wp-json\/wp\/v2\/types\/post"}],"author":[{"embeddable":true,"href":"http:\/\/mspontocom.com.br\/site\/wp-json\/wp\/v2\/users\/2"}],"replies":[{"embeddable":true,"href":"http:\/\/mspontocom.com.br\/site\/wp-json\/wp\/v2\/comments?post=200825"}],"version-history":[{"count":2,"href":"http:\/\/mspontocom.com.br\/site\/wp-json\/wp\/v2\/posts\/200825\/revisions"}],"predecessor-version":[{"id":200837,"href":"http:\/\/mspontocom.com.br\/site\/wp-json\/wp\/v2\/posts\/200825\/revisions\/200837"}],"wp:featuredmedia":[{"embeddable":true,"href":"http:\/\/mspontocom.com.br\/site\/wp-json\/wp\/v2\/media\/200836"}],"wp:attachment":[{"href":"http:\/\/mspontocom.com.br\/site\/wp-json\/wp\/v2\/media?parent=200825"}],"wp:term":[{"taxonomy":"category","embeddable":true,"href":"http:\/\/mspontocom.com.br\/site\/wp-json\/wp\/v2\/categories?post=200825"},{"taxonomy":"post_tag","embeddable":true,"href":"http:\/\/mspontocom.com.br\/site\/wp-json\/wp\/v2\/tags?post=200825"}],"curies":[{"name":"wp","href":"https:\/\/api.w.org\/{rel}","templated":true}]}}