{"id":200830,"date":"2025-06-27T06:25:13","date_gmt":"2025-06-27T10:25:13","guid":{"rendered":"https:\/\/mspontocom.com.br\/site\/?p=200830"},"modified":"2025-06-27T06:25:13","modified_gmt":"2025-06-27T10:25:13","slug":"governo-lula-comemora-decisao-do-stf-que-censura-redes-sociais","status":"publish","type":"post","link":"http:\/\/mspontocom.com.br\/site\/governo-lula-comemora-decisao-do-stf-que-censura-redes-sociais\/","title":{"rendered":"Governo Lula comemora decis\u00e3o do STF que censura redes sociais"},"content":{"rendered":"<p class=\"styles__ParagraphStyled-sc-6adecn-0 kKiXme \" style=\"text-align: justify;\" data-component-name=\"paragraph\"><img loading=\"lazy\" class=\"alignnone size-full wp-image-200838\" src=\"http:\/\/mspontocom.com.br\/site\/wp-content\/uploads\/2025\/06\/site-governo-lula-comemora-decisao-do-stf-que-responsabiliza-redes-sociais-censura1.jpg\" alt=\"\" width=\"1300\" height=\"867\" srcset=\"http:\/\/mspontocom.com.br\/site\/wp-content\/uploads\/2025\/06\/site-governo-lula-comemora-decisao-do-stf-que-responsabiliza-redes-sociais-censura1.jpg 1300w, http:\/\/mspontocom.com.br\/site\/wp-content\/uploads\/2025\/06\/site-governo-lula-comemora-decisao-do-stf-que-responsabiliza-redes-sociais-censura1-260x173.jpg 260w, http:\/\/mspontocom.com.br\/site\/wp-content\/uploads\/2025\/06\/site-governo-lula-comemora-decisao-do-stf-que-responsabiliza-redes-sociais-censura1-1024x683.jpg 1024w, http:\/\/mspontocom.com.br\/site\/wp-content\/uploads\/2025\/06\/site-governo-lula-comemora-decisao-do-stf-que-responsabiliza-redes-sociais-censura1-768x512.jpg 768w\" sizes=\"(max-width: 1300px) 100vw, 1300px\" \/>O ministro-chefe da AGU, Jorge Messias comemorou a decis\u00e3o do STF emitida nesta quinta-feira, 26, que optou por responsabilizar redes sociais por conte\u00fados publicados por usu\u00e1rios.<\/p>\n<p class=\"styles__ParagraphStyled-sc-6adecn-0 kKiXme \" style=\"text-align: justify;\" data-component-name=\"paragraph\">\u201cFelicito essa important\u00edssima decis\u00e3o do Supremo\u201d, inicia Jorge Messias.<\/p>\n<blockquote>\n<p class=\"styles__ParagraphStyled-sc-6adecn-0 kKiXme \" data-component-name=\"paragraph\"><em>\u201cA decis\u00e3o atende, em grande medida, os pedidos feitos pela AGU nos recursos. N\u00e3o \u00e9 poss\u00edvel admitir que provedores se eximam de qualquer responsabilidade por conte\u00fados il\u00edcitos que, embora n\u00e3o sejam por eles criados, geram lucros com seu impulsionamento e viola\u00e7\u00f5es de direitos fundamentais\u201d,<\/em> afirma o ministro-chefe da AGU.<\/p>\n<\/blockquote>\n<p style=\"text-align: justify;\">A decis\u00e3o do Supremo, alcan\u00e7ada ap\u00f3s 12 sess\u00f5es, determina que as plataformas respondam por crimes se n\u00e3o removerem conte\u00fados ap\u00f3s notifica\u00e7\u00e3o privada (extrajudicial).<\/p>\n<p style=\"text-align: justify;\">Sendo assim, agora as empresas se responsabilizam pelos posts ilegais desde que forem notificadas por usu\u00e1rios, e n\u00e3o a partir do momento em que descumprirem decis\u00f5es judiciais que pedem a remo\u00e7\u00e3o dos conte\u00fados, como previa o artigo 19 do Marco Civil da Internet.<\/p>\n<p style=\"text-align: justify;\">\n<p style=\"text-align: justify;\" align=\"justify\"><span style=\"font-family: Times New Roman, serif;\"><span style=\"font-size: medium;\"><span style=\"color: #ed4c05;\"><i><b>Continue em nossa companhia . Veja mais not\u00edcias em<\/b><\/i><\/span><b>:<\/b> <span style=\"color: #0000ff;\"><u><a href=\"http:\/\/www.mspontocom.com.br\/\">www.mspontocom.com.br<\/a><\/u><\/span><\/span><\/span><\/p>\n<p style=\"text-align: justify;\" align=\"justify\"><span style=\"font-family: Times New Roman, serif;\"><span style=\"font-size: medium;\">Instagram e X:\u00a0 @mspontocom<\/span><\/span><\/p>\n<p>&nbsp;<\/p>\n","protected":false},"excerpt":{"rendered":"<p>O ministro-chefe da AGU, Jorge Messias comemorou a decis\u00e3o do STF emitida nesta quinta-feira, 26, que optou por responsabilizar redes sociais por conte\u00fados publicados por usu\u00e1rios. \u201cFelicito essa important\u00edssima decis\u00e3o do Supremo\u201d, inicia Jorge Messias. \u201cA decis\u00e3o atende, em grande medida, os pedidos feitos pela AGU nos recursos. N\u00e3o \u00e9 poss\u00edvel admitir que provedores se [&hellip;]<\/p>\n","protected":false},"author":2,"featured_media":200838,"comment_status":"open","ping_status":"open","sticky":false,"template":"","format":"standard","meta":{"_monsterinsights_skip_tracking":false,"_monsterinsights_sitenote_active":false,"_monsterinsights_sitenote_note":"","_monsterinsights_sitenote_category":0},"categories":[6,30260,2528,30259,12],"tags":[7907,27594,3908,21711,2443,3014],"aioseo_notices":[],"_links":{"self":[{"href":"http:\/\/mspontocom.com.br\/site\/wp-json\/wp\/v2\/posts\/200830"}],"collection":[{"href":"http:\/\/mspontocom.com.br\/site\/wp-json\/wp\/v2\/posts"}],"about":[{"href":"http:\/\/mspontocom.com.br\/site\/wp-json\/wp\/v2\/types\/post"}],"author":[{"embeddable":true,"href":"http:\/\/mspontocom.com.br\/site\/wp-json\/wp\/v2\/users\/2"}],"replies":[{"embeddable":true,"href":"http:\/\/mspontocom.com.br\/site\/wp-json\/wp\/v2\/comments?post=200830"}],"version-history":[{"count":2,"href":"http:\/\/mspontocom.com.br\/site\/wp-json\/wp\/v2\/posts\/200830\/revisions"}],"predecessor-version":[{"id":200839,"href":"http:\/\/mspontocom.com.br\/site\/wp-json\/wp\/v2\/posts\/200830\/revisions\/200839"}],"wp:featuredmedia":[{"embeddable":true,"href":"http:\/\/mspontocom.com.br\/site\/wp-json\/wp\/v2\/media\/200838"}],"wp:attachment":[{"href":"http:\/\/mspontocom.com.br\/site\/wp-json\/wp\/v2\/media?parent=200830"}],"wp:term":[{"taxonomy":"category","embeddable":true,"href":"http:\/\/mspontocom.com.br\/site\/wp-json\/wp\/v2\/categories?post=200830"},{"taxonomy":"post_tag","embeddable":true,"href":"http:\/\/mspontocom.com.br\/site\/wp-json\/wp\/v2\/tags?post=200830"}],"curies":[{"name":"wp","href":"https:\/\/api.w.org\/{rel}","templated":true}]}}