{"id":200832,"date":"2025-06-27T06:11:11","date_gmt":"2025-06-27T10:11:11","guid":{"rendered":"https:\/\/mspontocom.com.br\/site\/?p=200832"},"modified":"2025-06-27T06:11:11","modified_gmt":"2025-06-27T10:11:11","slug":"parana-pesquisas-reprovacao-ao-governo-lula-se-mantem-alta","status":"publish","type":"post","link":"http:\/\/mspontocom.com.br\/site\/parana-pesquisas-reprovacao-ao-governo-lula-se-mantem-alta\/","title":{"rendered":"Paran\u00e1 Pesquisas: Reprova\u00e7\u00e3o ao governo Lula se mant\u00e9m alta"},"content":{"rendered":"<p style=\"text-align: justify;\"><img loading=\"lazy\" class=\"alignnone size-full wp-image-200834\" src=\"http:\/\/mspontocom.com.br\/site\/wp-content\/uploads\/2025\/06\/site-parana-pesquisas-reprovacao-ao-governo-lula-se-mantem-alta-lularaiva.jpg\" alt=\"\" width=\"1200\" height=\"720\" srcset=\"http:\/\/mspontocom.com.br\/site\/wp-content\/uploads\/2025\/06\/site-parana-pesquisas-reprovacao-ao-governo-lula-se-mantem-alta-lularaiva.jpg 1200w, http:\/\/mspontocom.com.br\/site\/wp-content\/uploads\/2025\/06\/site-parana-pesquisas-reprovacao-ao-governo-lula-se-mantem-alta-lularaiva-260x156.jpg 260w, http:\/\/mspontocom.com.br\/site\/wp-content\/uploads\/2025\/06\/site-parana-pesquisas-reprovacao-ao-governo-lula-se-mantem-alta-lularaiva-1024x614.jpg 1024w, http:\/\/mspontocom.com.br\/site\/wp-content\/uploads\/2025\/06\/site-parana-pesquisas-reprovacao-ao-governo-lula-se-mantem-alta-lularaiva-768x461.jpg 768w\" sizes=\"(max-width: 1200px) 100vw, 1200px\" \/>Nova pesquisa conduzida pelo\u00a0<strong>instituto Paran\u00e1 Pesquisas<\/strong>\u00a0revela que\u00a056,7%\u00a0dos brasileiros\u00a0<strong>reprovam<\/strong> a gest\u00e3o do presidente<strong> Lula<\/strong>\u00a0enquanto\u00a039,8% o aprovam.<\/p>\n<h3 id=\"h-nordeste-e-unica-regiao-com-saldo-positivo-para-o-presidente\" class=\"wp-block-heading\" style=\"text-align: justify;\">Nordeste \u00e9 \u00fanica regi\u00e3o com saldo positivo para o presidente<\/h3>\n<p style=\"text-align: justify;\">A pesquisa mostra que\u00a0Lula \u00e9 aprovado por 52%\u00a0dos eleitores do\u00a0Nordeste, contra\u00a044,6%\u00a0de desaprova\u00e7\u00e3o.<\/p>\n<p style=\"text-align: justify;\">Em todas as outras regi\u00f5es, a\u00a0rejei\u00e7\u00e3o ao governo \u00e9 majorit\u00e1ria:<\/p>\n<ul class=\"wp-block-list\" style=\"text-align: justify;\">\n<li><strong>Sul<\/strong>: 67% reprovam, maior \u00edndice regional;<\/li>\n<li><strong>Sudeste<\/strong>: 59,8% reprovam;<\/li>\n<li><strong>Norte e Centro-Oeste<\/strong>: 60,5% reprovam.<\/li>\n<\/ul>\n<h3 id=\"h-populacao-economicamente-ativa-rejeita-majoritariamente-o-governo\" class=\"wp-block-heading\" style=\"text-align: justify;\">Popula\u00e7\u00e3o Economicamente Ativa rejeita o governo<\/h3>\n<p style=\"text-align: justify;\">Entre os brasileiros economicamente ativos, apenas\u00a036,1%\u00a0aprovam o governo Lula, enquanto\u00a060,9%\u00a0o reprovam.<\/p>\n<p style=\"text-align: justify;\">J\u00e1 entre os\u00a0inativos, a reprova\u00e7\u00e3o tamb\u00e9m \u00e9 maior (49%) do que a aprova\u00e7\u00e3o (46,5%)<strong>.<\/strong><\/p>\n<p style=\"text-align: justify;\">O levantamento foi realizado em\u00a026 Estados e no Distrito Federal, com e possui\u00a0margem de erro de 2,2 pontos percentuais.<\/p>\n<p style=\"text-align: justify;\" align=\"justify\"><span style=\"font-family: Times New Roman, serif;\"><span style=\"font-size: medium;\"><span style=\"color: #ed4c05;\"><i><b>Continue em nossa companhia . Veja mais not\u00edcias em<\/b><\/i><\/span><b>:<\/b> <span style=\"color: #0000ff;\"><u><a href=\"http:\/\/www.mspontocom.com.br\/\">www.mspontocom.com.br<\/a><\/u><\/span><\/span><\/span><\/p>\n<p style=\"text-align: justify;\" align=\"justify\"><span style=\"font-family: Times New Roman, serif;\"><span style=\"font-size: medium;\">Instagram e X:\u00a0 @mspontocom<\/span><\/span><\/p>\n","protected":false},"excerpt":{"rendered":"<p>Nova pesquisa conduzida pelo\u00a0instituto Paran\u00e1 Pesquisas\u00a0revela que\u00a056,7%\u00a0dos brasileiros\u00a0reprovam a gest\u00e3o do presidente Lula\u00a0enquanto\u00a039,8% o aprovam. Nordeste \u00e9 \u00fanica regi\u00e3o com saldo positivo para o presidente A pesquisa mostra que\u00a0Lula \u00e9 aprovado por 52%\u00a0dos eleitores do\u00a0Nordeste, contra\u00a044,6%\u00a0de desaprova\u00e7\u00e3o. Em todas as outras regi\u00f5es, a\u00a0rejei\u00e7\u00e3o ao governo \u00e9 majorit\u00e1ria: Sul: 67% reprovam, maior \u00edndice regional; Sudeste: 59,8% [&hellip;]<\/p>\n","protected":false},"author":2,"featured_media":200834,"comment_status":"open","ping_status":"open","sticky":false,"template":"","format":"standard","meta":{"_monsterinsights_skip_tracking":false,"_monsterinsights_sitenote_active":false,"_monsterinsights_sitenote_note":"","_monsterinsights_sitenote_category":0},"categories":[6,30260,30259,12],"tags":[1276,480,27171,22269],"aioseo_notices":[],"_links":{"self":[{"href":"http:\/\/mspontocom.com.br\/site\/wp-json\/wp\/v2\/posts\/200832"}],"collection":[{"href":"http:\/\/mspontocom.com.br\/site\/wp-json\/wp\/v2\/posts"}],"about":[{"href":"http:\/\/mspontocom.com.br\/site\/wp-json\/wp\/v2\/types\/post"}],"author":[{"embeddable":true,"href":"http:\/\/mspontocom.com.br\/site\/wp-json\/wp\/v2\/users\/2"}],"replies":[{"embeddable":true,"href":"http:\/\/mspontocom.com.br\/site\/wp-json\/wp\/v2\/comments?post=200832"}],"version-history":[{"count":2,"href":"http:\/\/mspontocom.com.br\/site\/wp-json\/wp\/v2\/posts\/200832\/revisions"}],"predecessor-version":[{"id":200835,"href":"http:\/\/mspontocom.com.br\/site\/wp-json\/wp\/v2\/posts\/200832\/revisions\/200835"}],"wp:featuredmedia":[{"embeddable":true,"href":"http:\/\/mspontocom.com.br\/site\/wp-json\/wp\/v2\/media\/200834"}],"wp:attachment":[{"href":"http:\/\/mspontocom.com.br\/site\/wp-json\/wp\/v2\/media?parent=200832"}],"wp:term":[{"taxonomy":"category","embeddable":true,"href":"http:\/\/mspontocom.com.br\/site\/wp-json\/wp\/v2\/categories?post=200832"},{"taxonomy":"post_tag","embeddable":true,"href":"http:\/\/mspontocom.com.br\/site\/wp-json\/wp\/v2\/tags?post=200832"}],"curies":[{"name":"wp","href":"https:\/\/api.w.org\/{rel}","templated":true}]}}