{"id":200862,"date":"2025-06-28T05:52:08","date_gmt":"2025-06-28T09:52:08","guid":{"rendered":"https:\/\/mspontocom.com.br\/site\/?p=200862"},"modified":"2025-06-27T14:44:31","modified_gmt":"2025-06-27T18:44:31","slug":"moro-critica-julgamento-do-stf-e-fala-em-censura-politica","status":"publish","type":"post","link":"http:\/\/mspontocom.com.br\/site\/moro-critica-julgamento-do-stf-e-fala-em-censura-politica\/","title":{"rendered":"Moro critica julgamento do STF e fala em \u2018censura pol\u00edtica\u2019"},"content":{"rendered":"<p style=\"text-align: justify;\"><img loading=\"lazy\" class=\"alignnone size-full wp-image-200863\" src=\"http:\/\/mspontocom.com.br\/site\/wp-content\/uploads\/2025\/06\/site-moro-critica-julgamento-do-stf-e-fala-em-censura-politica-moro-indignado.webp\" alt=\"\" width=\"984\" height=\"656\" srcset=\"http:\/\/mspontocom.com.br\/site\/wp-content\/uploads\/2025\/06\/site-moro-critica-julgamento-do-stf-e-fala-em-censura-politica-moro-indignado.webp 984w, http:\/\/mspontocom.com.br\/site\/wp-content\/uploads\/2025\/06\/site-moro-critica-julgamento-do-stf-e-fala-em-censura-politica-moro-indignado-260x173.webp 260w, http:\/\/mspontocom.com.br\/site\/wp-content\/uploads\/2025\/06\/site-moro-critica-julgamento-do-stf-e-fala-em-censura-politica-moro-indignado-768x512.webp 768w\" sizes=\"(max-width: 984px) 100vw, 984px\" \/>O ex-juiz federal e senador <strong>Sergio Moro<\/strong>\u00a0criticou nesta sexta-feira, 27, a decis\u00e3o do<strong> STF<\/strong> de declarar inconstitucional em partes o artigo 19 do <strong>Marco Civil\u00a0 da Internet<\/strong>, estabelecendo, por consequ\u00eancia, novas regras para as plataformas moderarem os conte\u00fados que seus usu\u00e1rios\u00a0publicam.<\/p>\n<p style=\"text-align: justify;\">O parlamentar disse que, com o novo panorama, h\u00e1 risco de \u201ccensura pol\u00edtica\u201d.<\/p>\n<blockquote><p><span style=\"font-size: 14pt;\"><em>\u201cO STF, por maioria, invadiu \u00e1rea legislativa ao regular as redes e impor deveres de supress\u00e3o de conte\u00fado com base em conceitos vagos. \u00a0Risco de censura pol\u00edtica adiante, como destacado nos votos vencidos\u201d,<\/em> <\/span>disse Moro no X (antigo Twitter).<\/p><\/blockquote>\n<p style=\"text-align: justify;\">Na quinta, 26, o STF terminou o julgamento de dois recursos com repercuss\u00e3o geral (ou seja, o que foi deliberado neles valer\u00e1 de forma ampla para todos os casos) sobre a responsabilidade das redes sociais sobre os conte\u00fados que permitem que seus usu\u00e1rios veiculem.<\/p>\n<p style=\"text-align: justify;\" align=\"justify\"><span style=\"font-family: Times New Roman, serif;\"><span style=\"font-size: medium;\"><span style=\"color: #ed4c05;\"><i><b>Continue em nossa companhia . Veja mais not\u00edcias em<\/b><\/i><\/span><b>:<\/b> <span style=\"color: #0000ff;\"><u><a href=\"http:\/\/www.mspontocom.com.br\/\">www.mspontocom.com.br<\/a><\/u><\/span><\/span><\/span><\/p>\n<p style=\"text-align: justify;\" align=\"justify\"><span style=\"font-family: Times New Roman, serif;\"><span style=\"font-size: medium;\">Instagram e X:\u00a0 @mspontocom<\/span><\/span><\/p>\n<p style=\"text-align: justify;\">.<\/p>\n<p style=\"text-align: justify;\">\n<p style=\"text-align: justify;\">\n","protected":false},"excerpt":{"rendered":"<p>O ex-juiz federal e senador Sergio Moro\u00a0criticou nesta sexta-feira, 27, a decis\u00e3o do STF de declarar inconstitucional em partes o artigo 19 do Marco Civil\u00a0 da Internet, estabelecendo, por consequ\u00eancia, novas regras para as plataformas moderarem os conte\u00fados que seus usu\u00e1rios\u00a0publicam. O parlamentar disse que, com o novo panorama, h\u00e1 risco de \u201ccensura pol\u00edtica\u201d. \u201cO [&hellip;]<\/p>\n","protected":false},"author":2,"featured_media":200863,"comment_status":"open","ping_status":"open","sticky":false,"template":"","format":"standard","meta":{"_monsterinsights_skip_tracking":false,"_monsterinsights_sitenote_active":false,"_monsterinsights_sitenote_note":"","_monsterinsights_sitenote_category":0},"categories":[6,30260,2528,30259,12],"tags":[43170,24747,23158,3014],"aioseo_notices":[],"_links":{"self":[{"href":"http:\/\/mspontocom.com.br\/site\/wp-json\/wp\/v2\/posts\/200862"}],"collection":[{"href":"http:\/\/mspontocom.com.br\/site\/wp-json\/wp\/v2\/posts"}],"about":[{"href":"http:\/\/mspontocom.com.br\/site\/wp-json\/wp\/v2\/types\/post"}],"author":[{"embeddable":true,"href":"http:\/\/mspontocom.com.br\/site\/wp-json\/wp\/v2\/users\/2"}],"replies":[{"embeddable":true,"href":"http:\/\/mspontocom.com.br\/site\/wp-json\/wp\/v2\/comments?post=200862"}],"version-history":[{"count":1,"href":"http:\/\/mspontocom.com.br\/site\/wp-json\/wp\/v2\/posts\/200862\/revisions"}],"predecessor-version":[{"id":200864,"href":"http:\/\/mspontocom.com.br\/site\/wp-json\/wp\/v2\/posts\/200862\/revisions\/200864"}],"wp:featuredmedia":[{"embeddable":true,"href":"http:\/\/mspontocom.com.br\/site\/wp-json\/wp\/v2\/media\/200863"}],"wp:attachment":[{"href":"http:\/\/mspontocom.com.br\/site\/wp-json\/wp\/v2\/media?parent=200862"}],"wp:term":[{"taxonomy":"category","embeddable":true,"href":"http:\/\/mspontocom.com.br\/site\/wp-json\/wp\/v2\/categories?post=200862"},{"taxonomy":"post_tag","embeddable":true,"href":"http:\/\/mspontocom.com.br\/site\/wp-json\/wp\/v2\/tags?post=200862"}],"curies":[{"name":"wp","href":"https:\/\/api.w.org\/{rel}","templated":true}]}}