{"id":200865,"date":"2025-06-27T06:26:51","date_gmt":"2025-06-27T10:26:51","guid":{"rendered":"https:\/\/mspontocom.com.br\/site\/?p=200865"},"modified":"2025-06-29T07:17:17","modified_gmt":"2025-06-29T11:17:17","slug":"datafolha-58-dizem-ter-vergonha-dos-ministros-do-stf","status":"publish","type":"post","link":"http:\/\/mspontocom.com.br\/site\/datafolha-58-dizem-ter-vergonha-dos-ministros-do-stf\/","title":{"rendered":"Datafolha: 58% dizem ter vergonha dos ministros do STF"},"content":{"rendered":"<p style=\"text-align: justify;\" data-t=\"{&quot;n&quot;:&quot;blueLinks&quot;,&quot;t&quot;:13,&quot;a&quot;:&quot;click&quot;,&quot;b&quot;:76}\"><img loading=\"lazy\" class=\"alignnone size-full wp-image-200871\" src=\"http:\/\/mspontocom.com.br\/site\/wp-content\/uploads\/2025\/06\/site-datafolha-58-dizem-ter-vergonha-dos-ministros-do-stf-stf2-e1751106285682.jpg\" alt=\"\" width=\"1473\" height=\"907\" srcset=\"http:\/\/mspontocom.com.br\/site\/wp-content\/uploads\/2025\/06\/site-datafolha-58-dizem-ter-vergonha-dos-ministros-do-stf-stf2-e1751106285682.jpg 1473w, http:\/\/mspontocom.com.br\/site\/wp-content\/uploads\/2025\/06\/site-datafolha-58-dizem-ter-vergonha-dos-ministros-do-stf-stf2-e1751106285682-260x160.jpg 260w, http:\/\/mspontocom.com.br\/site\/wp-content\/uploads\/2025\/06\/site-datafolha-58-dizem-ter-vergonha-dos-ministros-do-stf-stf2-e1751106285682-1024x631.jpg 1024w, http:\/\/mspontocom.com.br\/site\/wp-content\/uploads\/2025\/06\/site-datafolha-58-dizem-ter-vergonha-dos-ministros-do-stf-stf2-e1751106285682-768x473.jpg 768w\" sizes=\"(max-width: 1473px) 100vw, 1473px\" \/>Mais da metade dos brasileiros diz ter vergonha dos ministros do STF aponta pesquisa Datafolha.<\/p>\n<p style=\"text-align: justify;\" data-t=\"{&quot;n&quot;:&quot;blueLinks&quot;,&quot;t&quot;:13,&quot;a&quot;:&quot;click&quot;,&quot;b&quot;:76}\">Segundo o instituto, o \u00edndice daqueles que declaram ter orgulho do tribunal \u00e9 de 30%, enquanto o de vergonha bate em 58%.<\/p>\n<p style=\"text-align: justify;\" data-t=\"{&quot;n&quot;:&quot;blueLinks&quot;,&quot;t&quot;:13,&quot;a&quot;:&quot;click&quot;,&quot;b&quot;:76}\">A pesquisa perguntou aos entrevistados se eles tinham &#8220;mais orgulho do que vergonha ou mais vergonha do que orgulho&#8221; de uma s\u00e9rie de institui\u00e7\u00f5es, grupos e pessoas.<\/p>\n<p class=\"continue-read-break\" style=\"text-align: justify;\" data-t=\"{&quot;n&quot;:&quot;blueLinks&quot;,&quot;t&quot;:13,&quot;a&quot;:&quot;click&quot;,&quot;b&quot;:76}\">O STF ganhou protagonismo nos \u00faltimos anos ao realizar julgamentos de pol\u00edticos, como mensal\u00e3o e recursos sobre a Lava Jato, e de temas controversos na opini\u00e3o p\u00fablica, como o aborto de fetos anenc\u00e9falos, a uni\u00e3o civil entre pessoas do mesmo sexo e outros.<\/p>\n<p style=\"text-align: justify;\" data-t=\"{&quot;n&quot;:&quot;blueLinks&quot;,&quot;t&quot;:13,&quot;a&quot;:&quot;click&quot;,&quot;b&quot;:76}\">Alguns de seus ministros enfrentaram desgaste ao participar de eventos no exterior bancados por empres\u00e1rios e foram alvos frequentes de ataques do ex-presidente Jair Bolsonaro (PL) em decorr\u00eancia de decis\u00f5es tomadas durante a pandemia de Covid e, no caso de Alexandre de Moraes, da condu\u00e7\u00e3o de inqu\u00e9ritos que investigam supostos atos antidemocr\u00e1ticos.<\/p>\n<p style=\"text-align: justify;\" data-t=\"{&quot;n&quot;:&quot;blueLinks&quot;,&quot;t&quot;:13,&quot;a&quot;:&quot;click&quot;,&quot;b&quot;:76}\">Entre apoiadores declarados de Bolsonaro, o \u00edndice de vergonha em rela\u00e7\u00e3o ao tribunal chega a 82%.<\/p>\n<p style=\"text-align: justify;\" data-t=\"{&quot;n&quot;:&quot;blueLinks&quot;,&quot;t&quot;:13,&quot;a&quot;:&quot;click&quot;,&quot;b&quot;:76}\">Nesse grupo, s\u00f3 12% se declaram orgulhosos dos ministros.<\/p>\n<p style=\"text-align: justify;\" data-t=\"{&quot;n&quot;:&quot;blueLinks&quot;,&quot;t&quot;:13,&quot;a&quot;:&quot;click&quot;,&quot;b&quot;:76}\">O Datafolha entrevistou 2.004 pessoas em 136 munic\u00edpios em 10 e 11 de junho.<\/p>\n<p style=\"text-align: justify;\" data-t=\"{&quot;n&quot;:&quot;blueLinks&quot;,&quot;t&quot;:13,&quot;a&quot;:&quot;click&quot;,&quot;b&quot;:76}\">A margem de erro da pesquisa \u00e9 de dois pontos percentuais, para mais ou para menos.<\/p>\n<p style=\"text-align: justify;\" align=\"justify\"><span style=\"font-family: Times New Roman, serif;\"><span style=\"font-size: medium;\"><span style=\"color: #ed4c05;\"><i><b>Continue em nossa companhia . Veja mais not\u00edcias em<\/b><\/i><\/span><b>:<\/b> <span style=\"color: #0000ff;\"><u><a href=\"http:\/\/www.mspontocom.com.br\/\">www.mspontocom.com.br<\/a><\/u><\/span><\/span><\/span><\/p>\n<div class=\"intra-article-module\" data-t=\"{&quot;n&quot;:&quot;intraArticle&quot;,&quot;t&quot;:13}\">\n<div class=\"articlePageIntraArticleFullWidth ad-slot-placeholder left-image-intra-ad full-bleed-image-intra-ad\" data-ad-index=\"0\">\n<div class=\"intra-article-ad-full left-image-intra-ad full-bleed-image-intra-ad\" style=\"text-align: justify;\"><\/div>\n<\/div>\n<\/div>\n","protected":false},"excerpt":{"rendered":"<p>Mais da metade dos brasileiros diz ter vergonha dos ministros do STF aponta pesquisa Datafolha. Segundo o instituto, o \u00edndice daqueles que declaram ter orgulho do tribunal \u00e9 de 30%, enquanto o de vergonha bate em 58%. A pesquisa perguntou aos entrevistados se eles tinham &#8220;mais orgulho do que vergonha ou mais vergonha do que [&hellip;]<\/p>\n","protected":false},"author":2,"featured_media":200871,"comment_status":"open","ping_status":"open","sticky":false,"template":"","format":"standard","meta":{"_monsterinsights_skip_tracking":false,"_monsterinsights_sitenote_active":false,"_monsterinsights_sitenote_note":"","_monsterinsights_sitenote_category":0},"categories":[6,30260,2528,30259,12],"tags":[25596,8552,587,3014,35400],"aioseo_notices":[],"_links":{"self":[{"href":"http:\/\/mspontocom.com.br\/site\/wp-json\/wp\/v2\/posts\/200865"}],"collection":[{"href":"http:\/\/mspontocom.com.br\/site\/wp-json\/wp\/v2\/posts"}],"about":[{"href":"http:\/\/mspontocom.com.br\/site\/wp-json\/wp\/v2\/types\/post"}],"author":[{"embeddable":true,"href":"http:\/\/mspontocom.com.br\/site\/wp-json\/wp\/v2\/users\/2"}],"replies":[{"embeddable":true,"href":"http:\/\/mspontocom.com.br\/site\/wp-json\/wp\/v2\/comments?post=200865"}],"version-history":[{"count":2,"href":"http:\/\/mspontocom.com.br\/site\/wp-json\/wp\/v2\/posts\/200865\/revisions"}],"predecessor-version":[{"id":200872,"href":"http:\/\/mspontocom.com.br\/site\/wp-json\/wp\/v2\/posts\/200865\/revisions\/200872"}],"wp:featuredmedia":[{"embeddable":true,"href":"http:\/\/mspontocom.com.br\/site\/wp-json\/wp\/v2\/media\/200871"}],"wp:attachment":[{"href":"http:\/\/mspontocom.com.br\/site\/wp-json\/wp\/v2\/media?parent=200865"}],"wp:term":[{"taxonomy":"category","embeddable":true,"href":"http:\/\/mspontocom.com.br\/site\/wp-json\/wp\/v2\/categories?post=200865"},{"taxonomy":"post_tag","embeddable":true,"href":"http:\/\/mspontocom.com.br\/site\/wp-json\/wp\/v2\/tags?post=200865"}],"curies":[{"name":"wp","href":"https:\/\/api.w.org\/{rel}","templated":true}]}}