{"id":200867,"date":"2025-06-28T06:21:42","date_gmt":"2025-06-28T10:21:42","guid":{"rendered":"https:\/\/mspontocom.com.br\/site\/?p=200867"},"modified":"2025-06-28T06:21:42","modified_gmt":"2025-06-28T10:21:42","slug":"stf-diz-que-brasil-tem-213-milhoes-de-tiranos-e-censura-a-internet","status":"publish","type":"post","link":"http:\/\/mspontocom.com.br\/site\/stf-diz-que-brasil-tem-213-milhoes-de-tiranos-e-censura-a-internet\/","title":{"rendered":"STF diz que Brasil tem 213 milh\u00f5es de tiranos e censura a Internet"},"content":{"rendered":"<p style=\"text-align: justify;\"><img loading=\"lazy\" class=\"alignnone size-full wp-image-200869\" src=\"http:\/\/mspontocom.com.br\/site\/wp-content\/uploads\/2025\/06\/site-stf-diz-que-brasil-tem-213-milhoes-de-tiranos-e-censura-a-internet-carmen.jpg\" alt=\"\" width=\"194\" height=\"259\" \/><\/p>\n<p style=\"text-align: justify;\">A ministra do STF\u00a0 C\u00e1rmen L\u00facia afirmou na 5\u00aa feira\u00a0 que \u00e9 preciso \u201cimpedir que<strong> 213 milh\u00f5es de pequenos tiranos<\/strong> soberanos [<strong>em refer\u00eancia \u00e0 popula\u00e7\u00e3o brasileira<\/strong>] dominem os espa\u00e7os digitais no Brasil\u201d.<\/p>\n<p style=\"text-align: justify;\">A declara\u00e7\u00e3o se deu durante o julgamento que discutia a constitucionalidade do artigo 19 do Marco Civil da Internet e a responsabilidade das plataformas por conte\u00fados publicados por usu\u00e1rios.<\/p>\n<p style=\"text-align: justify;\">A ministra usou o argumento para defender a amplia\u00e7\u00e3o da responsabiliza\u00e7\u00e3o das big techs por publica\u00e7\u00f5es de usu\u00e1rios mesmo sem ordem judicial.<\/p>\n<p style=\"text-align: justify;\">A magistrada votou para derrubar a necessidade de ordem judicial para remover um conte\u00fado relacionado a crime ou ato il\u00edcito.<\/p>\n<p style=\"text-align: justify;\">Ela acompanhou a corrente majorit\u00e1ria da Corte.<\/p>\n<p style=\"text-align: justify;\">Os ministros que divergiram justificaram os votos como uma<strong> defesa da liberdade de express\u00e3o ampla. <\/strong><\/p>\n<p style=\"text-align: justify;\">Durante o julgamento, C\u00e1rmen L\u00facia afirmou que o tema da discuss\u00e3o representava um desafio caracter\u00edstico de regimes democr\u00e1ticos:<strong> dosar o direito de express\u00e3o e os seus limites.<\/strong><\/p>\n<p style=\"text-align: justify;\" align=\"justify\"><span style=\"font-family: Times New Roman, serif;\"><span style=\"font-size: medium;\"><span style=\"color: #ed4c05;\"><i><b>Continue em nossa companhia . Veja mais not\u00edcias em<\/b><\/i><\/span><b>:<\/b> <span style=\"color: #0000ff;\"><u><a href=\"http:\/\/www.mspontocom.com.br\/\">www.mspontocom.com.br<\/a><\/u><\/span><\/span><\/span><\/p>\n","protected":false},"excerpt":{"rendered":"<p>A ministra do STF\u00a0 C\u00e1rmen L\u00facia afirmou na 5\u00aa feira\u00a0 que \u00e9 preciso \u201cimpedir que 213 milh\u00f5es de pequenos tiranos soberanos [em refer\u00eancia \u00e0 popula\u00e7\u00e3o brasileira] dominem os espa\u00e7os digitais no Brasil\u201d. A declara\u00e7\u00e3o se deu durante o julgamento que discutia a constitucionalidade do artigo 19 do Marco Civil da Internet e a responsabilidade das [&hellip;]<\/p>\n","protected":false},"author":2,"featured_media":200869,"comment_status":"open","ping_status":"open","sticky":false,"template":"","format":"standard","meta":{"_monsterinsights_skip_tracking":false,"_monsterinsights_sitenote_active":false,"_monsterinsights_sitenote_note":"","_monsterinsights_sitenote_category":0},"categories":[6,30260,2528,30259,12],"tags":[43171,7907,204,3014,43172],"aioseo_notices":[],"_links":{"self":[{"href":"http:\/\/mspontocom.com.br\/site\/wp-json\/wp\/v2\/posts\/200867"}],"collection":[{"href":"http:\/\/mspontocom.com.br\/site\/wp-json\/wp\/v2\/posts"}],"about":[{"href":"http:\/\/mspontocom.com.br\/site\/wp-json\/wp\/v2\/types\/post"}],"author":[{"embeddable":true,"href":"http:\/\/mspontocom.com.br\/site\/wp-json\/wp\/v2\/users\/2"}],"replies":[{"embeddable":true,"href":"http:\/\/mspontocom.com.br\/site\/wp-json\/wp\/v2\/comments?post=200867"}],"version-history":[{"count":1,"href":"http:\/\/mspontocom.com.br\/site\/wp-json\/wp\/v2\/posts\/200867\/revisions"}],"predecessor-version":[{"id":200870,"href":"http:\/\/mspontocom.com.br\/site\/wp-json\/wp\/v2\/posts\/200867\/revisions\/200870"}],"wp:featuredmedia":[{"embeddable":true,"href":"http:\/\/mspontocom.com.br\/site\/wp-json\/wp\/v2\/media\/200869"}],"wp:attachment":[{"href":"http:\/\/mspontocom.com.br\/site\/wp-json\/wp\/v2\/media?parent=200867"}],"wp:term":[{"taxonomy":"category","embeddable":true,"href":"http:\/\/mspontocom.com.br\/site\/wp-json\/wp\/v2\/categories?post=200867"},{"taxonomy":"post_tag","embeddable":true,"href":"http:\/\/mspontocom.com.br\/site\/wp-json\/wp\/v2\/tags?post=200867"}],"curies":[{"name":"wp","href":"https:\/\/api.w.org\/{rel}","templated":true}]}}