{"id":200876,"date":"2025-06-29T07:08:16","date_gmt":"2025-06-29T11:08:16","guid":{"rendered":"https:\/\/mspontocom.com.br\/site\/?p=200876"},"modified":"2025-06-29T07:08:16","modified_gmt":"2025-06-29T11:08:16","slug":"datafolha-maioria-no-brasil-tem-vergonha-do-stf-e-de-lula","status":"publish","type":"post","link":"http:\/\/mspontocom.com.br\/site\/datafolha-maioria-no-brasil-tem-vergonha-do-stf-e-de-lula\/","title":{"rendered":"Datafolha: Maioria no Brasil tem vergonha do STF e de Lula"},"content":{"rendered":"<p style=\"text-align: justify;\"><img loading=\"lazy\" class=\"alignnone size-full wp-image-200877\" src=\"http:\/\/mspontocom.com.br\/site\/wp-content\/uploads\/2025\/06\/site-maioria-no-brasil-tem-vergonha-do-stf-e-de-lula-lula-stf.webp\" alt=\"\" width=\"1212\" height=\"909\" srcset=\"http:\/\/mspontocom.com.br\/site\/wp-content\/uploads\/2025\/06\/site-maioria-no-brasil-tem-vergonha-do-stf-e-de-lula-lula-stf.webp 1212w, http:\/\/mspontocom.com.br\/site\/wp-content\/uploads\/2025\/06\/site-maioria-no-brasil-tem-vergonha-do-stf-e-de-lula-lula-stf-260x195.webp 260w, http:\/\/mspontocom.com.br\/site\/wp-content\/uploads\/2025\/06\/site-maioria-no-brasil-tem-vergonha-do-stf-e-de-lula-lula-stf-1024x768.webp 1024w, http:\/\/mspontocom.com.br\/site\/wp-content\/uploads\/2025\/06\/site-maioria-no-brasil-tem-vergonha-do-stf-e-de-lula-lula-stf-768x576.webp 768w\" sizes=\"(max-width: 1212px) 100vw, 1212px\" \/>Pesquisa Datafolha divulgada neste s\u00e1bado mostra que a maioria dos brasileiros afirma sentir vergonha do Supremo Tribunal Federal e do presidente Lula.<\/p>\n<p style=\"text-align: justify;\">Lula provoca vergonha em 56% dos brasileiros.<\/p>\n<p style=\"text-align: justify;\">A rigor, todos esses percentuais est\u00e3o empatados na margem de erro do estudo, que \u00e9 de 2 pontos percentuais, para mais ou para menos. A empresa de pesquisas Datafolha relata\u00a0 ter ouvido 2.004 pessoas em 136 munic\u00edpios nos.136 munic\u00edpios nos dias 10 e 11 de junho.<\/p>\n<p style=\"text-align: justify;\">Quando se observa a taxa de vergonha sobre o STF, nota-se que as respostas variam de acordo com a\u00a0identifica\u00e7\u00e3o pol\u00edtica dos entrevistados.<\/p>\n<p style=\"text-align: justify;\">Entre os apoiadores do ex-presidente Jair Bolsonaro (PL), 82% dizem ter vergonha da Corte.<\/p>\n<p style=\"text-align: justify;\">A rigor, todos esses percentuais est\u00e3o empatados na margem de erro do estudo, que \u00e9 de 2 pontos percentuais, para mais ou para menos. A empresa de pesquisas Datafolha relata\u00a0 ter ouvido 2.004 pessoas em 136 munic\u00edpios nos.136 munic\u00edpios nos dias 10 e 11 de junho.<\/p>\n","protected":false},"excerpt":{"rendered":"<p>Pesquisa Datafolha divulgada neste s\u00e1bado mostra que a maioria dos brasileiros afirma sentir vergonha do Supremo Tribunal Federal e do presidente Lula. Lula provoca vergonha em 56% dos brasileiros. A rigor, todos esses percentuais est\u00e3o empatados na margem de erro do estudo, que \u00e9 de 2 pontos percentuais, para mais ou para menos. A empresa [&hellip;]<\/p>\n","protected":false},"author":2,"featured_media":200877,"comment_status":"open","ping_status":"open","sticky":false,"template":"","format":"standard","meta":{"_monsterinsights_skip_tracking":false,"_monsterinsights_sitenote_active":false,"_monsterinsights_sitenote_note":"","_monsterinsights_sitenote_category":0},"categories":[6,30260,30259,12],"tags":[359,480,24584,3014,35400],"aioseo_notices":[],"_links":{"self":[{"href":"http:\/\/mspontocom.com.br\/site\/wp-json\/wp\/v2\/posts\/200876"}],"collection":[{"href":"http:\/\/mspontocom.com.br\/site\/wp-json\/wp\/v2\/posts"}],"about":[{"href":"http:\/\/mspontocom.com.br\/site\/wp-json\/wp\/v2\/types\/post"}],"author":[{"embeddable":true,"href":"http:\/\/mspontocom.com.br\/site\/wp-json\/wp\/v2\/users\/2"}],"replies":[{"embeddable":true,"href":"http:\/\/mspontocom.com.br\/site\/wp-json\/wp\/v2\/comments?post=200876"}],"version-history":[{"count":1,"href":"http:\/\/mspontocom.com.br\/site\/wp-json\/wp\/v2\/posts\/200876\/revisions"}],"predecessor-version":[{"id":200878,"href":"http:\/\/mspontocom.com.br\/site\/wp-json\/wp\/v2\/posts\/200876\/revisions\/200878"}],"wp:featuredmedia":[{"embeddable":true,"href":"http:\/\/mspontocom.com.br\/site\/wp-json\/wp\/v2\/media\/200877"}],"wp:attachment":[{"href":"http:\/\/mspontocom.com.br\/site\/wp-json\/wp\/v2\/media?parent=200876"}],"wp:term":[{"taxonomy":"category","embeddable":true,"href":"http:\/\/mspontocom.com.br\/site\/wp-json\/wp\/v2\/categories?post=200876"},{"taxonomy":"post_tag","embeddable":true,"href":"http:\/\/mspontocom.com.br\/site\/wp-json\/wp\/v2\/tags?post=200876"}],"curies":[{"name":"wp","href":"https:\/\/api.w.org\/{rel}","templated":true}]}}